{"id":1778,"date":"2023-01-24T12:47:04","date_gmt":"2023-01-24T10:47:04","guid":{"rendered":"https:\/\/feuerwehr-delkenheim.de\/?p=1778"},"modified":"2023-01-24T18:43:11","modified_gmt":"2023-01-24T16:43:11","slug":"brand-eines-gewaechshauses","status":"publish","type":"post","link":"https:\/\/feuerwehr-delkenheim.de\/?p=1778","title":{"rendered":"Brand eines Gew\u00e4chshauses"},"content":{"rendered":"<div class=\"wp-block-image\">\n<figure class=\"alignright size-medium\"><a href=\"https:\/\/feuerwehr-delkenheim.de\/wp-content\/uploads\/2023\/01\/F2-Delkenheim-1.jpg\"><img loading=\"lazy\" decoding=\"async\" width=\"300\" height=\"225\" src=\"https:\/\/feuerwehr-delkenheim.de\/wp-content\/uploads\/2023\/01\/F2-Delkenheim-1-300x225.jpg\" alt=\"\" class=\"wp-image-1782\" srcset=\"https:\/\/feuerwehr-delkenheim.de\/wp-content\/uploads\/2023\/01\/F2-Delkenheim-1-300x225.jpg 300w, https:\/\/feuerwehr-delkenheim.de\/wp-content\/uploads\/2023\/01\/F2-Delkenheim-1-1024x768.jpg 1024w, https:\/\/feuerwehr-delkenheim.de\/wp-content\/uploads\/2023\/01\/F2-Delkenheim-1-768x576.jpg 768w, https:\/\/feuerwehr-delkenheim.de\/wp-content\/uploads\/2023\/01\/F2-Delkenheim-1-1536x1152.jpg 1536w, https:\/\/feuerwehr-delkenheim.de\/wp-content\/uploads\/2023\/01\/F2-Delkenheim-1-400x300.jpg 400w, https:\/\/feuerwehr-delkenheim.de\/wp-content\/uploads\/2023\/01\/F2-Delkenheim-1.jpg 2016w\" sizes=\"auto, (max-width: 300px) 100vw, 300px\" \/><\/a><figcaption class=\"wp-element-caption\">Bild: Feuerwehr Wiesbaden<\/figcaption><\/figure>\n<\/div>\n\n\n<p>Gegen 5 Uhr am Dienstagmorgen, den 24. Januar, wurde die Leitstelle der Feuerwehr und des Rettungsdienstes durch zahlreiche Anrufer auf eine starke Rauchentwicklung im Ortskern von Delkenheim hingewiesen. Vor Ort brannte ein Gew\u00e4chshaus, das unmittelbar an ein Zweifamilienhaus angrenzte.<\/p>\n\n\n\n<p>Durch die ersteintreffenden Kr\u00e4fte der Freiwilligen Feuerwehr Delkenheim wurde umgehend ein L\u00f6schangriff aufgebaut und durch einen Trupp unter schwerem Atemschutz vorgetragen. Die kurz danach eintreffenden Kr\u00e4fte der Feuerwache 3 der Berufsfeuerwehr unterst\u00fctzten mit einem weiteren Trupp die L\u00f6scharbeiten.<\/p>\n\n\n\n<p>Das schnelle Eingreifen der Feuerwehr verhinderte eine Brandausbreitung auf das angrenzende Wohngeb\u00e4ude, die benachbarte Garage und ein weiteres Gartenhaus. Verletzt wurde niemand. Die Polizei hat die Ermittlungen zur Brandursache aufgenommen.<\/p>\n\n\n\n<p>Die Soonwaldstra\u00dfe war f\u00fcr die Dauer der L\u00f6scharbeiten voll gesperrt. Eine Umleitung f\u00fcr die Linienbusse wurde eingerichtet.<\/p>\n\n\n\n<p>Neben der Freiwilligen Feuerwehr Delkenheim und der Wache 3 der Berufsfeuerwehr waren auch Kr\u00e4fte der Freiwilligen Feuerwehr Nordenstadt sowie der Feuerwache 2 der Berufsfeuerwehr sowie ein Rettungswagen eingesetzt.<\/p>\n","protected":false},"excerpt":{"rendered":"<p>Gegen 5 Uhr am Dienstagmorgen, den 24. Januar, wurde die Leitstelle der Feuerwehr und des Rettungsdienstes durch zahlreiche Anrufer auf eine starke Rauchentwicklung im Ortskern von Delkenheim hingewiesen. Vor Ort brannte ein Gew\u00e4chshaus, das unmittelbar an ein Zweifamilienhaus angrenzte. Durch &hellip; <a href=\"https:\/\/feuerwehr-delkenheim.de\/?p=1778\">Weiterlesen <span class=\"meta-nav\">&rarr;<\/span><\/a><\/p>\n","protected":false},"author":1,"featured_media":0,"comment_status":"closed","ping_status":"closed","sticky":false,"template":"","format":"standard","meta":{"jetpack_post_was_ever_published":false,"_jetpack_newsletter_access":"","_jetpack_dont_email_post_to_subs":false,"_jetpack_newsletter_tier_id":0,"_jetpack_memberships_contains_paywalled_content":false,"_jetpack_memberships_contains_paid_content":false,"footnotes":""},"categories":[3],"tags":[42,50,124],"class_list":["post-1778","post","type-post","status-publish","format-standard","hentry","category-einsatzabteilung","tag-brand","tag-einsatz","tag-gewaechshaus"],"jetpack_featured_media_url":"","jetpack_sharing_enabled":true,"_links":{"self":[{"href":"https:\/\/feuerwehr-delkenheim.de\/index.php?rest_route=\/wp\/v2\/posts\/1778","targetHints":{"allow":["GET"]}}],"collection":[{"href":"https:\/\/feuerwehr-delkenheim.de\/index.php?rest_route=\/wp\/v2\/posts"}],"about":[{"href":"https:\/\/feuerwehr-delkenheim.de\/index.php?rest_route=\/wp\/v2\/types\/post"}],"author":[{"embeddable":true,"href":"https:\/\/feuerwehr-delkenheim.de\/index.php?rest_route=\/wp\/v2\/users\/1"}],"replies":[{"embeddable":true,"href":"https:\/\/feuerwehr-delkenheim.de\/index.php?rest_route=%2Fwp%2Fv2%2Fcomments&post=1778"}],"version-history":[{"count":4,"href":"https:\/\/feuerwehr-delkenheim.de\/index.php?rest_route=\/wp\/v2\/posts\/1778\/revisions"}],"predecessor-version":[{"id":1784,"href":"https:\/\/feuerwehr-delkenheim.de\/index.php?rest_route=\/wp\/v2\/posts\/1778\/revisions\/1784"}],"wp:attachment":[{"href":"https:\/\/feuerwehr-delkenheim.de\/index.php?rest_route=%2Fwp%2Fv2%2Fmedia&parent=1778"}],"wp:term":[{"taxonomy":"category","embeddable":true,"href":"https:\/\/feuerwehr-delkenheim.de\/index.php?rest_route=%2Fwp%2Fv2%2Fcategories&post=1778"},{"taxonomy":"post_tag","embeddable":true,"href":"https:\/\/feuerwehr-delkenheim.de\/index.php?rest_route=%2Fwp%2Fv2%2Ftags&post=1778"}],"curies":[{"name":"wp","href":"https:\/\/api.w.org\/{rel}","templated":true}]}}