{"id":1810,"date":"2023-04-19T22:34:00","date_gmt":"2023-04-19T20:34:00","guid":{"rendered":"https:\/\/feuerwehr-delkenheim.de\/?p=1810"},"modified":"2023-04-23T21:12:55","modified_gmt":"2023-04-23T19:12:55","slug":"mobile-retter-in-delkenheim-gefordert","status":"publish","type":"post","link":"https:\/\/feuerwehr-delkenheim.de\/?p=1810","title":{"rendered":"Mobile Retter in Delkenheim gefordert"},"content":{"rendered":"\n<p>Am Abend des 19. April befanden sich die Mitglieder der Freiwilligen Feuerwehr Wiesbaden-Delkenheim ab 19 Uhr mit beiden Fahrzeugen in ihrem regul\u00e4ren \u00dcbungsdienst im Berta-Cramer-Ring, wo ein Strahlrohrtraining auf dem Programm stand. Hierbei wurden die verschiedenen Einstell- und Handhabungsm\u00f6glichkeiten der verschiedenen Hohl- und Schaumstrahlrohren ge\u00fcbt.<\/p>\n\n\n\n<p>Gegen 19:45 ert\u00f6nten einige Handys in einem ungew\u00f6hnlichen Ton. Es kam zu einem medizinischen Notfall nur 800m entfernt, vermutlich mit Herz-Kreislauf-Stillstand, weswegen die Rettungsleitstelle in Wiesbaden Alarm f\u00fcr alle <a rel=\"noreferrer noopener\" href=\"https:\/\/portal.mobile-retter.org\/regionen\/landeshauptstadt-wiesbaden\/\" target=\"_blank\">mobilen Retter<\/a> im nahen Umkreis ausl\u00f6ste. Sofort wurde das zur Verf\u00fcgung stehende Mannschaftstransportfahrzeug genutzt, um mit Sonderrechten innerhalb k\u00fcrzester Zeit die Zieladresse zu erreichen.<\/p>\n\n\n\n<p>Am Notfallort angekommen konnten somit sehr schnell wiederbelebende Ma\u00dfnahmen eingeleitet werden, die auch sehr schnell Erfolg zeigten. Wenige Minuten sp\u00e4ter traf auch der Rettungsdienst ein und weitere Minuten sp\u00e4ter auch ein Notarzt. Allerdings musste der Patient nun stabilisiert durch enge R\u00e4umlichkeiten liegend in den Rettungswagen verbracht werden. Da sich ja weitere Mitglieder der Freiwilligen Feuerwehr ohnehin gerade im \u00dcbungsdienst befanden, wurden sie zur Tragehilfe nachgefodert.<\/p>\n\n\n\n<p>Dieser Einsatz zeigte wieder eindrucksvoll, dass <a rel=\"noreferrer noopener\" href=\"https:\/\/portal.mobile-retter.org\/regionen\/landeshauptstadt-wiesbaden\/\" target=\"_blank\">mobile Retter<\/a> im Ernstfall sehr schnell zur Hilfe eilen k\u00f6nnen und das therapiefreie Intervall bei schwerwiegenden Erkrankungen (v.a. Herz-Kreislauf-Stillstand) durch gezielte Erste Hilfe so kurz wie m\u00f6glich gehalten werden kann.<\/p>\n","protected":false},"excerpt":{"rendered":"<p>Am Abend des 19. April befanden sich die Mitglieder der Freiwilligen Feuerwehr Wiesbaden-Delkenheim ab 19 Uhr mit beiden Fahrzeugen in ihrem regul\u00e4ren \u00dcbungsdienst im Berta-Cramer-Ring, wo ein Strahlrohrtraining auf dem Programm stand. Hierbei wurden die verschiedenen Einstell- und Handhabungsm\u00f6glichkeiten der &hellip; <a href=\"https:\/\/feuerwehr-delkenheim.de\/?p=1810\">Weiterlesen <span class=\"meta-nav\">&rarr;<\/span><\/a><\/p>\n","protected":false},"author":1,"featured_media":0,"comment_status":"closed","ping_status":"closed","sticky":false,"template":"","format":"standard","meta":{"jetpack_post_was_ever_published":false,"_jetpack_newsletter_access":"","_jetpack_dont_email_post_to_subs":false,"_jetpack_newsletter_tier_id":0,"_jetpack_memberships_contains_paywalled_content":false,"_jetpack_memberships_contains_paid_content":false,"footnotes":""},"categories":[3],"tags":[50,125],"class_list":["post-1810","post","type-post","status-publish","format-standard","hentry","category-einsatzabteilung","tag-einsatz","tag-mobile-retter"],"jetpack_featured_media_url":"","jetpack_sharing_enabled":true,"_links":{"self":[{"href":"https:\/\/feuerwehr-delkenheim.de\/index.php?rest_route=\/wp\/v2\/posts\/1810","targetHints":{"allow":["GET"]}}],"collection":[{"href":"https:\/\/feuerwehr-delkenheim.de\/index.php?rest_route=\/wp\/v2\/posts"}],"about":[{"href":"https:\/\/feuerwehr-delkenheim.de\/index.php?rest_route=\/wp\/v2\/types\/post"}],"author":[{"embeddable":true,"href":"https:\/\/feuerwehr-delkenheim.de\/index.php?rest_route=\/wp\/v2\/users\/1"}],"replies":[{"embeddable":true,"href":"https:\/\/feuerwehr-delkenheim.de\/index.php?rest_route=%2Fwp%2Fv2%2Fcomments&post=1810"}],"version-history":[{"count":1,"href":"https:\/\/feuerwehr-delkenheim.de\/index.php?rest_route=\/wp\/v2\/posts\/1810\/revisions"}],"predecessor-version":[{"id":1811,"href":"https:\/\/feuerwehr-delkenheim.de\/index.php?rest_route=\/wp\/v2\/posts\/1810\/revisions\/1811"}],"wp:attachment":[{"href":"https:\/\/feuerwehr-delkenheim.de\/index.php?rest_route=%2Fwp%2Fv2%2Fmedia&parent=1810"}],"wp:term":[{"taxonomy":"category","embeddable":true,"href":"https:\/\/feuerwehr-delkenheim.de\/index.php?rest_route=%2Fwp%2Fv2%2Fcategories&post=1810"},{"taxonomy":"post_tag","embeddable":true,"href":"https:\/\/feuerwehr-delkenheim.de\/index.php?rest_route=%2Fwp%2Fv2%2Ftags&post=1810"}],"curies":[{"name":"wp","href":"https:\/\/api.w.org\/{rel}","templated":true}]}}