{"id":1828,"date":"2023-07-08T22:38:19","date_gmt":"2023-07-08T20:38:19","guid":{"rendered":"https:\/\/feuerwehr-delkenheim.de\/?p=1828"},"modified":"2023-07-08T22:39:16","modified_gmt":"2023-07-08T20:39:16","slug":"brennende-bienenstoecke-im-bereich-der-domaene-mechthildshausen","status":"publish","type":"post","link":"https:\/\/feuerwehr-delkenheim.de\/?p=1828","title":{"rendered":"Brennende Bienenst\u00f6cke im Bereich der Dom\u00e4ne Mechthildshausen"},"content":{"rendered":"\n<p>Am Abend des Samstags, 8. Juli erreichte und kurz vor halb 8 ein Alarm. Mehrere Anrufer h\u00e4tten dicke schwarze Rauchwolken im Bereich der Dom\u00e4ne Mechthildshausen gesichtet. Aufgrund der Lage und Trockenheit wurde mit einem Stichwort f\u00fcr Wald- und Wiesenbr\u00e4nde alarmiert, sodass neben der FF Delkenheim auch mehrere Tankl\u00f6schfahrzeuge und ein Abrollbeh\u00e4lter L\u00f6schwasser entsandt wurden.<\/p>\n\n\n\n<p>Wir fuhren mit unserem L\u00f6schfahrzeug die Dom\u00e4ne Mechthildshausen an und lie\u00dfen uns von den Anwohnern in dem weitl\u00e4ufigen Gel\u00e4nde einweisen. Ein Anh\u00e4nger mit Bienenst\u00f6cken beladen, sowie ein weiterer Stapel mit Bienenst\u00f6cken 20 m weiter und 100 qm Wiese zwischen diesen beiden Stellen standen in Brand.<\/p>\n\n\n\n<p>Sofort wurde mit zwei C-Rohre von beiden Seiten begonnen zu l\u00f6schen. Unsere mitgef\u00fchrten 600l Wasser waren relativ schnell aufgebraucht, jedoch hatten wir da schon beinahe alles abgel\u00f6scht. Lediglich der Anh\u00e4nger war etwas hartn\u00e4ckiger dank hei\u00dfer Felgen und brennenden Reifen, sodass er noch weitere Bearbeitung ben\u00f6tigte. Wir \u00fcberbr\u00fcckten die Zeit bis zum Eintreffen des TLF an der versteckten Einsatzstelle und dem Herstellen der Einspeiseversorgung mit einem Pulver-Feuerl\u00f6scher.<\/p>\n\n\n\n<p>Nach 30 Minuten Arbeit und 4000l Wasser waren alle Glutnester und Brandstellen vollst\u00e4ndig abgel\u00f6scht und wir konnten wieder einr\u00fccken.<\/p>\n","protected":false},"excerpt":{"rendered":"<p>Am Abend des Samstags, 8. Juli erreichte und kurz vor halb 8 ein Alarm. Mehrere Anrufer h\u00e4tten dicke schwarze Rauchwolken im Bereich der Dom\u00e4ne Mechthildshausen gesichtet. Aufgrund der Lage und Trockenheit wurde mit einem Stichwort f\u00fcr Wald- und Wiesenbr\u00e4nde alarmiert, &hellip; <a href=\"https:\/\/feuerwehr-delkenheim.de\/?p=1828\">Weiterlesen <span class=\"meta-nav\">&rarr;<\/span><\/a><\/p>\n","protected":false},"author":1,"featured_media":0,"comment_status":"closed","ping_status":"closed","sticky":false,"template":"","format":"standard","meta":{"jetpack_post_was_ever_published":false,"_jetpack_newsletter_access":"","_jetpack_dont_email_post_to_subs":false,"_jetpack_newsletter_tier_id":0,"_jetpack_memberships_contains_paywalled_content":false,"_jetpack_memberships_contains_paid_content":false,"footnotes":""},"categories":[3],"tags":[42,50],"class_list":["post-1828","post","type-post","status-publish","format-standard","hentry","category-einsatzabteilung","tag-brand","tag-einsatz"],"jetpack_featured_media_url":"","jetpack_sharing_enabled":true,"_links":{"self":[{"href":"https:\/\/feuerwehr-delkenheim.de\/index.php?rest_route=\/wp\/v2\/posts\/1828","targetHints":{"allow":["GET"]}}],"collection":[{"href":"https:\/\/feuerwehr-delkenheim.de\/index.php?rest_route=\/wp\/v2\/posts"}],"about":[{"href":"https:\/\/feuerwehr-delkenheim.de\/index.php?rest_route=\/wp\/v2\/types\/post"}],"author":[{"embeddable":true,"href":"https:\/\/feuerwehr-delkenheim.de\/index.php?rest_route=\/wp\/v2\/users\/1"}],"replies":[{"embeddable":true,"href":"https:\/\/feuerwehr-delkenheim.de\/index.php?rest_route=%2Fwp%2Fv2%2Fcomments&post=1828"}],"version-history":[{"count":3,"href":"https:\/\/feuerwehr-delkenheim.de\/index.php?rest_route=\/wp\/v2\/posts\/1828\/revisions"}],"predecessor-version":[{"id":1831,"href":"https:\/\/feuerwehr-delkenheim.de\/index.php?rest_route=\/wp\/v2\/posts\/1828\/revisions\/1831"}],"wp:attachment":[{"href":"https:\/\/feuerwehr-delkenheim.de\/index.php?rest_route=%2Fwp%2Fv2%2Fmedia&parent=1828"}],"wp:term":[{"taxonomy":"category","embeddable":true,"href":"https:\/\/feuerwehr-delkenheim.de\/index.php?rest_route=%2Fwp%2Fv2%2Fcategories&post=1828"},{"taxonomy":"post_tag","embeddable":true,"href":"https:\/\/feuerwehr-delkenheim.de\/index.php?rest_route=%2Fwp%2Fv2%2Ftags&post=1828"}],"curies":[{"name":"wp","href":"https:\/\/api.w.org\/{rel}","templated":true}]}}