{"id":1832,"date":"2023-07-11T20:21:40","date_gmt":"2023-07-11T18:21:40","guid":{"rendered":"https:\/\/feuerwehr-delkenheim.de\/?p=1832"},"modified":"2023-07-11T20:21:42","modified_gmt":"2023-07-11T18:21:42","slug":"feuerwehr-in-der-schule","status":"publish","type":"post","link":"https:\/\/feuerwehr-delkenheim.de\/?p=1832","title":{"rendered":"Feuerwehr in der Schule"},"content":{"rendered":"<div class=\"wp-block-image\">\n<figure class=\"alignright\"><img loading=\"lazy\" decoding=\"async\" width=\"300\" height=\"240\" src=\"https:\/\/feuerwehr-delkenheim.de\/wp-content\/uploads\/2023\/07\/Schule2023-01-300x240.jpg\" alt=\"\" class=\"wp-image-1833\" srcset=\"https:\/\/feuerwehr-delkenheim.de\/wp-content\/uploads\/2023\/07\/Schule2023-01-300x240.jpg 300w, https:\/\/feuerwehr-delkenheim.de\/wp-content\/uploads\/2023\/07\/Schule2023-01-1024x821.jpg 1024w, https:\/\/feuerwehr-delkenheim.de\/wp-content\/uploads\/2023\/07\/Schule2023-01-768x616.jpg 768w, https:\/\/feuerwehr-delkenheim.de\/wp-content\/uploads\/2023\/07\/Schule2023-01-374x300.jpg 374w, https:\/\/feuerwehr-delkenheim.de\/wp-content\/uploads\/2023\/07\/Schule2023-01.jpg 1280w\" sizes=\"auto, (max-width: 300px) 100vw, 300px\" \/><figcaption class=\"wp-element-caption\">Bild: Karl-G\u00e4rtner-Schule<\/figcaption><\/figure>\n<\/div>\n\n\n<p>Am 5. und 6. Juli besuchte Wehrf\u00fchrer Dennis Grebert die 4. Klassen der Karl-G\u00e4rtner-Schule in Delkenheim jeweils f\u00fcr eine Doppelstunde. In der ersten Stunde sprach man im Klassenraum mit den Sch\u00fclern \u00fcber die Organisation von Feuerwehren, darunter auch \u00fcber den Unterschied von Berufsfeuerwehr und Freiwilliger Feuerwehr. Weiter ging es mit den Aufgaben von Feuerwehren und den verschiedenen Szenarien, bei denen die Feuerwehr Hilfe leisten kann. Weiter ging es \u00fcber die Aktivit\u00e4ten der <strong>Jugendfeuerwehr<\/strong>, dass dieser <strong>ab dem 10. Lebensjahr<\/strong> beigetreten werden kann und dass sie in Delkenheim normalerweise <strong>freitags von 18 bis 20 <\/strong>Uhr stattfindet (jeweils nach <a rel=\"noreferrer noopener\" href=\"https:\/\/feuerwehr-delkenheim.de\/wp-content\/uploads\/2023\/01\/Dienstplan2023_JF_1_Halbjahr.pdf\" target=\"_blank\">Dienstplan<\/a>).<\/p>\n\n\n<div class=\"wp-block-image\">\n<figure class=\"alignleft size-medium\"><a href=\"https:\/\/feuerwehr-delkenheim.de\/wp-content\/uploads\/2023\/07\/Schule2023-02.jpg\"><img loading=\"lazy\" decoding=\"async\" width=\"300\" height=\"169\" src=\"https:\/\/feuerwehr-delkenheim.de\/wp-content\/uploads\/2023\/07\/Schule2023-02-300x169.jpg\" alt=\"\" class=\"wp-image-1834\" srcset=\"https:\/\/feuerwehr-delkenheim.de\/wp-content\/uploads\/2023\/07\/Schule2023-02-300x169.jpg 300w, https:\/\/feuerwehr-delkenheim.de\/wp-content\/uploads\/2023\/07\/Schule2023-02-1024x577.jpg 1024w, https:\/\/feuerwehr-delkenheim.de\/wp-content\/uploads\/2023\/07\/Schule2023-02-768x433.jpg 768w, https:\/\/feuerwehr-delkenheim.de\/wp-content\/uploads\/2023\/07\/Schule2023-02-500x282.jpg 500w, https:\/\/feuerwehr-delkenheim.de\/wp-content\/uploads\/2023\/07\/Schule2023-02.jpg 1280w\" sizes=\"auto, (max-width: 300px) 100vw, 300px\" \/><\/a><figcaption class=\"wp-element-caption\">Bild: Karl-G\u00e4rtner-Schule<\/figcaption><\/figure>\n<\/div>\n\n\n<p>In der zweiten Stunde ging es dann nach drau\u00dfen. Dort stand das in Delkenheim stationierte L\u00f6schgruppenfahrzeug 8\/6 im Hof. Dennis Grebert gab den Schulkindern einen \u00dcberblick \u00fcber die Beladung des Fahrzeuges. Anschlie\u00dfend gab es eine Klassenaufgabe zu erledigen. Ein auf einem Foto abgebildeter Armaturenbaum durfte eine Minute lang angeschaut werden und musste danach von der Klasse gemeinsam ohne die Hilfe des Fotos nachgebaut werden. Zum Abschluss konnte sich jeder noch darin versuchen, einen C-Schlauch aus- und wieder einzurollen.<\/p>\n\n\n\n<p>Die Karl-G\u00e4rtner-Schule hat dazu einen eigenen <a href=\"https:\/\/karl-gaertner-schule.de\/feuerwehr-in-der-schule-3\/\" target=\"_blank\" rel=\"noreferrer noopener\">Beitrag mit Sch\u00fclerberichten auf ihrer Homepage<\/a> ver\u00f6ffentlicht.<\/p>\n","protected":false},"excerpt":{"rendered":"<p>Am 5. und 6. Juli besuchte Wehrf\u00fchrer Dennis Grebert die 4. Klassen der Karl-G\u00e4rtner-Schule in Delkenheim jeweils f\u00fcr eine Doppelstunde. In der ersten Stunde sprach man im Klassenraum mit den Sch\u00fclern \u00fcber die Organisation von Feuerwehren, darunter auch \u00fcber den &hellip; <a href=\"https:\/\/feuerwehr-delkenheim.de\/?p=1832\">Weiterlesen <span class=\"meta-nav\">&rarr;<\/span><\/a><\/p>\n","protected":false},"author":1,"featured_media":0,"comment_status":"closed","ping_status":"closed","sticky":false,"template":"","format":"standard","meta":{"jetpack_post_was_ever_published":false,"_jetpack_newsletter_access":"","_jetpack_dont_email_post_to_subs":false,"_jetpack_newsletter_tier_id":0,"_jetpack_memberships_contains_paywalled_content":false,"_jetpack_memberships_contains_paid_content":false,"footnotes":""},"categories":[2],"tags":[17,16],"class_list":["post-1832","post","type-post","status-publish","format-standard","hentry","category-allgemein","tag-brandschutzerziehung","tag-karl-gaertner-schule"],"jetpack_featured_media_url":"","jetpack_sharing_enabled":true,"_links":{"self":[{"href":"https:\/\/feuerwehr-delkenheim.de\/index.php?rest_route=\/wp\/v2\/posts\/1832","targetHints":{"allow":["GET"]}}],"collection":[{"href":"https:\/\/feuerwehr-delkenheim.de\/index.php?rest_route=\/wp\/v2\/posts"}],"about":[{"href":"https:\/\/feuerwehr-delkenheim.de\/index.php?rest_route=\/wp\/v2\/types\/post"}],"author":[{"embeddable":true,"href":"https:\/\/feuerwehr-delkenheim.de\/index.php?rest_route=\/wp\/v2\/users\/1"}],"replies":[{"embeddable":true,"href":"https:\/\/feuerwehr-delkenheim.de\/index.php?rest_route=%2Fwp%2Fv2%2Fcomments&post=1832"}],"version-history":[{"count":2,"href":"https:\/\/feuerwehr-delkenheim.de\/index.php?rest_route=\/wp\/v2\/posts\/1832\/revisions"}],"predecessor-version":[{"id":1836,"href":"https:\/\/feuerwehr-delkenheim.de\/index.php?rest_route=\/wp\/v2\/posts\/1832\/revisions\/1836"}],"wp:attachment":[{"href":"https:\/\/feuerwehr-delkenheim.de\/index.php?rest_route=%2Fwp%2Fv2%2Fmedia&parent=1832"}],"wp:term":[{"taxonomy":"category","embeddable":true,"href":"https:\/\/feuerwehr-delkenheim.de\/index.php?rest_route=%2Fwp%2Fv2%2Fcategories&post=1832"},{"taxonomy":"post_tag","embeddable":true,"href":"https:\/\/feuerwehr-delkenheim.de\/index.php?rest_route=%2Fwp%2Fv2%2Ftags&post=1832"}],"curies":[{"name":"wp","href":"https:\/\/api.w.org\/{rel}","templated":true}]}}