{"id":1838,"date":"2023-06-17T18:00:00","date_gmt":"2023-06-17T16:00:00","guid":{"rendered":"https:\/\/feuerwehr-delkenheim.de\/?p=1838"},"modified":"2023-07-13T22:03:30","modified_gmt":"2023-07-13T20:03:30","slug":"neuen-truppfuehrer-ausgebildet","status":"publish","type":"post","link":"https:\/\/feuerwehr-delkenheim.de\/?p=1838","title":{"rendered":"Neuen Truppf\u00fchrer ausgebildet"},"content":{"rendered":"<div class=\"wp-block-image\">\n<figure class=\"alignright size-medium\"><a href=\"https:\/\/feuerwehr-delkenheim.de\/wp-content\/uploads\/2023\/07\/Truppfuehrer.jpg\"><img loading=\"lazy\" decoding=\"async\" width=\"300\" height=\"169\" src=\"https:\/\/feuerwehr-delkenheim.de\/wp-content\/uploads\/2023\/07\/Truppfuehrer-300x169.jpg\" alt=\"\" class=\"wp-image-1839\" srcset=\"https:\/\/feuerwehr-delkenheim.de\/wp-content\/uploads\/2023\/07\/Truppfuehrer-300x169.jpg 300w, https:\/\/feuerwehr-delkenheim.de\/wp-content\/uploads\/2023\/07\/Truppfuehrer-1024x578.jpg 1024w, https:\/\/feuerwehr-delkenheim.de\/wp-content\/uploads\/2023\/07\/Truppfuehrer-768x434.jpg 768w, https:\/\/feuerwehr-delkenheim.de\/wp-content\/uploads\/2023\/07\/Truppfuehrer-500x282.jpg 500w, https:\/\/feuerwehr-delkenheim.de\/wp-content\/uploads\/2023\/07\/Truppfuehrer.jpg 1224w\" sizes=\"auto, (max-width: 300px) 100vw, 300px\" \/><\/a><figcaption class=\"wp-element-caption\">Foto: Feuerwehr Wiesbaden<\/figcaption><\/figure>\n<\/div>\n\n\n<p>Auch bei den weiterf\u00fchrenden Lehrg\u00e4ngen konnten wir Fortschritte erzielen. Bereits seit 13 Jahren ist Marcel Bohl schon aktiv bei uns in der Einsatzabteilung, vorher war er weitere 2 Jahre in seinem Heimatort aktiv. In diesen Jahren hat er neben seiner Grundausbildung auch die Lehrg\u00e4nge zum Sprechfunker, Atemschutzger\u00e4tetr\u00e4ger, Maschinisten und Motorkettens\u00e4genf\u00fchrer absolviert. Heute hat er erfolgreich den Truppf\u00fchrerlehrgang abgeschlossen. Wir gratulieren!<\/p>\n","protected":false},"excerpt":{"rendered":"<p>Auch bei den weiterf\u00fchrenden Lehrg\u00e4ngen konnten wir Fortschritte erzielen. Bereits seit 13 Jahren ist Marcel Bohl schon aktiv bei uns in der Einsatzabteilung, vorher war er weitere 2 Jahre in seinem Heimatort aktiv. In diesen Jahren hat er neben seiner &hellip; <a href=\"https:\/\/feuerwehr-delkenheim.de\/?p=1838\">Weiterlesen <span class=\"meta-nav\">&rarr;<\/span><\/a><\/p>\n","protected":false},"author":1,"featured_media":0,"comment_status":"closed","ping_status":"closed","sticky":false,"template":"","format":"standard","meta":{"jetpack_post_was_ever_published":false,"_jetpack_newsletter_access":"","_jetpack_dont_email_post_to_subs":false,"_jetpack_newsletter_tier_id":0,"_jetpack_memberships_contains_paywalled_content":false,"_jetpack_memberships_contains_paid_content":false,"footnotes":""},"categories":[3],"tags":[128,129],"class_list":["post-1838","post","type-post","status-publish","format-standard","hentry","category-einsatzabteilung","tag-lehrgang","tag-truppfuehrer"],"jetpack_featured_media_url":"","jetpack_sharing_enabled":true,"_links":{"self":[{"href":"https:\/\/feuerwehr-delkenheim.de\/index.php?rest_route=\/wp\/v2\/posts\/1838","targetHints":{"allow":["GET"]}}],"collection":[{"href":"https:\/\/feuerwehr-delkenheim.de\/index.php?rest_route=\/wp\/v2\/posts"}],"about":[{"href":"https:\/\/feuerwehr-delkenheim.de\/index.php?rest_route=\/wp\/v2\/types\/post"}],"author":[{"embeddable":true,"href":"https:\/\/feuerwehr-delkenheim.de\/index.php?rest_route=\/wp\/v2\/users\/1"}],"replies":[{"embeddable":true,"href":"https:\/\/feuerwehr-delkenheim.de\/index.php?rest_route=%2Fwp%2Fv2%2Fcomments&post=1838"}],"version-history":[{"count":1,"href":"https:\/\/feuerwehr-delkenheim.de\/index.php?rest_route=\/wp\/v2\/posts\/1838\/revisions"}],"predecessor-version":[{"id":1840,"href":"https:\/\/feuerwehr-delkenheim.de\/index.php?rest_route=\/wp\/v2\/posts\/1838\/revisions\/1840"}],"wp:attachment":[{"href":"https:\/\/feuerwehr-delkenheim.de\/index.php?rest_route=%2Fwp%2Fv2%2Fmedia&parent=1838"}],"wp:term":[{"taxonomy":"category","embeddable":true,"href":"https:\/\/feuerwehr-delkenheim.de\/index.php?rest_route=%2Fwp%2Fv2%2Fcategories&post=1838"},{"taxonomy":"post_tag","embeddable":true,"href":"https:\/\/feuerwehr-delkenheim.de\/index.php?rest_route=%2Fwp%2Fv2%2Ftags&post=1838"}],"curies":[{"name":"wp","href":"https:\/\/api.w.org\/{rel}","templated":true}]}}