{"id":1847,"date":"2023-09-08T15:42:18","date_gmt":"2023-09-08T13:42:18","guid":{"rendered":"https:\/\/feuerwehr-delkenheim.de\/?p=1847"},"modified":"2023-09-08T15:42:20","modified_gmt":"2023-09-08T13:42:20","slug":"bundesweiter-warntag-am-14-september-sirenenprobe-im-stadtgebiet","status":"publish","type":"post","link":"https:\/\/feuerwehr-delkenheim.de\/?p=1847","title":{"rendered":"Bundesweiter Warntag am 14. September: Sirenenprobe im Stadtgebiet"},"content":{"rendered":"<div class=\"wp-block-image\">\n<figure class=\"alignright size-medium\"><a href=\"https:\/\/feuerwehr-delkenheim.de\/wp-content\/uploads\/2022\/01\/Sirene.jpg\"><img loading=\"lazy\" decoding=\"async\" width=\"240\" height=\"300\" src=\"https:\/\/feuerwehr-delkenheim.de\/wp-content\/uploads\/2022\/01\/Sirene-240x300.jpg\" alt=\"\" class=\"wp-image-1652\" srcset=\"https:\/\/feuerwehr-delkenheim.de\/wp-content\/uploads\/2022\/01\/Sirene-240x300.jpg 240w, https:\/\/feuerwehr-delkenheim.de\/wp-content\/uploads\/2022\/01\/Sirene.jpg 500w\" sizes=\"auto, (max-width: 240px) 100vw, 240px\" \/><\/a><\/figure>\n<\/div>\n\n\n<p>Am Donnerstag, 14. September, 11 Uhr, findet der n\u00e4chste bundesweite Warntag statt.<br>Auch in Wiesbaden wird Probealarm ausgel\u00f6st \u2013 \u00fcber Warnapps, digitale Anzeigentafeln<br>und Cell Broadcast. Gleichzeitig findet eine Sirenenprobe statt.<\/p>\n\n\n\n<p><strong><br>Um 11 Uhr<\/strong> warnen die Sirenen die Bev\u00f6lkerung testweise mit einem einmin\u00fctigem auf-<br>und abschwellender Heulton. <\/p>\n\n\n\n<p><strong>Um 11.45 Uhr<\/strong> wird mit einem einmin\u00fctige Dauerton<br>entwarnt.<\/p>\n\n\n\n<p>Eine R\u00fcckmeldung der Bev\u00f6lkerung ist bei der Sirenenprobe nicht notwendig.<br>Sie ist eine reine Sensibilisierungsma\u00dfnahme. Zus\u00e4tzlich wird im Stadtgebiet \u00fcber die<br>digitalen Anzeigetafeln ein Probealarm ausgel\u00f6st.<\/p>\n\n\n\n<p><br>Das Bundesamt f\u00fcr Bev\u00f6lkerungsschutz und Katastrophenhilfe (BBK) l\u00f6st au\u00dferdem<br>zentral einen Pobelarm f\u00fcr alle Warnapps in Deutschland aus. Das Modulare Warnsystem<br>MoWaS steuert dabei die Warnapps NINA, Katwarn und hessenWarn an. Ebenfalls wird<br>Cell Broadcast eingesetzt. Dazu soll eine Testwarnmeldung an Mobiltelefone bundesweit<br>versendet werden. Diese erscheint auf allen Endger\u00e4ten, die in einer Mobilfunkzelle<br>eingebucht sind und \u00fcber Cell-Broadcast-Nachrichten empfangen k\u00f6nnen. Die Anbieter<br>informieren bis zum Warntag die Mobilfunknutzerinnen und -nutzer dar\u00fcber.<br><\/p>\n\n\n\n<p>Folgende Verhaltensregeln sollten vor allem beim Signal \u201eWarnung der Bev\u00f6lkerung\u201c<br>eingehalten werden. Diese sind einheitlich durch das Bundesministerium des Innern<br>geregelt und gelten auch in Wiesbaden: <\/p>\n\n\n\n<ul class=\"wp-block-list\">\n<li>Sofort T\u00fcren und Fenster schlie\u00dfen, <\/li>\n\n\n\n<li>Aufenthalt im Freien vermeiden, <\/li>\n\n\n\n<li>Radio einschalten und auf Durchsagen achten, <\/li>\n\n\n\n<li>aktuelle Meldungen der Feuerwehr beachten, auch unter www.feuerwehr-wiesbaden.de,<\/li>\n\n\n\n<li>Nachbarn verst\u00e4ndigen sowie L\u00fcftungs- und Klimaanlagen ausschalten.<\/li>\n<\/ul>\n\n\n\n<p>Der Warntag ist ein gemeinsamer Aktionstag von Bund, L\u00e4nder sowie teilnehmenden Kreisen, St\u00e4dten und Gemeinden. Sie testen an diesem Tag die technische Infrastruktur f\u00fcr Warnungen. Ziel ist ausdr\u00fccklich, Schwachstellen zu finden und diese im Nachgang zu beseitigen. Dadurch wird das System f\u00fcr den Ernstfall stabiler und effektiver. Ein weiteres Ziel ist es, Menschen \u00fcber die unterschiedlichen Warnmittel zu informieren und auf den Bev\u00f6lkerungsschutz aufmerksam zu machen. <\/p>\n\n\n\n<p>In Wiesbaden findet der n\u00e4chste Sirenenprobealarm am Samstag, 7. Oktober, 12 Uhr, statt.<\/p>\n\n\n\n<p>Auf der Homepage der Stadt Wiesbaden sind weitere Informationen zum<br>Bev\u00f6lkerungsschutz zu finden (Suchwort \u201eBev\u00f6lkerungsschutz\u201c).<\/p>\n","protected":false},"excerpt":{"rendered":"<p>Am Donnerstag, 14. September, 11 Uhr, findet der n\u00e4chste bundesweite Warntag statt.Auch in Wiesbaden wird Probealarm ausgel\u00f6st \u2013 \u00fcber Warnapps, digitale Anzeigentafelnund Cell Broadcast. Gleichzeitig findet eine Sirenenprobe statt. Um 11 Uhr warnen die Sirenen die Bev\u00f6lkerung testweise mit einem &hellip; <a href=\"https:\/\/feuerwehr-delkenheim.de\/?p=1847\">Weiterlesen <span class=\"meta-nav\">&rarr;<\/span><\/a><\/p>\n","protected":false},"author":1,"featured_media":0,"comment_status":"closed","ping_status":"closed","sticky":false,"template":"","format":"standard","meta":{"jetpack_post_was_ever_published":false,"_jetpack_newsletter_access":"","_jetpack_dont_email_post_to_subs":false,"_jetpack_newsletter_tier_id":0,"_jetpack_memberships_contains_paywalled_content":false,"_jetpack_memberships_contains_paid_content":false,"footnotes":""},"categories":[2],"tags":[116,107],"class_list":["post-1847","post","type-post","status-publish","format-standard","hentry","category-allgemein","tag-sirenenprobe","tag-warntag"],"jetpack_featured_media_url":"","jetpack_sharing_enabled":true,"_links":{"self":[{"href":"https:\/\/feuerwehr-delkenheim.de\/index.php?rest_route=\/wp\/v2\/posts\/1847","targetHints":{"allow":["GET"]}}],"collection":[{"href":"https:\/\/feuerwehr-delkenheim.de\/index.php?rest_route=\/wp\/v2\/posts"}],"about":[{"href":"https:\/\/feuerwehr-delkenheim.de\/index.php?rest_route=\/wp\/v2\/types\/post"}],"author":[{"embeddable":true,"href":"https:\/\/feuerwehr-delkenheim.de\/index.php?rest_route=\/wp\/v2\/users\/1"}],"replies":[{"embeddable":true,"href":"https:\/\/feuerwehr-delkenheim.de\/index.php?rest_route=%2Fwp%2Fv2%2Fcomments&post=1847"}],"version-history":[{"count":1,"href":"https:\/\/feuerwehr-delkenheim.de\/index.php?rest_route=\/wp\/v2\/posts\/1847\/revisions"}],"predecessor-version":[{"id":1848,"href":"https:\/\/feuerwehr-delkenheim.de\/index.php?rest_route=\/wp\/v2\/posts\/1847\/revisions\/1848"}],"wp:attachment":[{"href":"https:\/\/feuerwehr-delkenheim.de\/index.php?rest_route=%2Fwp%2Fv2%2Fmedia&parent=1847"}],"wp:term":[{"taxonomy":"category","embeddable":true,"href":"https:\/\/feuerwehr-delkenheim.de\/index.php?rest_route=%2Fwp%2Fv2%2Fcategories&post=1847"},{"taxonomy":"post_tag","embeddable":true,"href":"https:\/\/feuerwehr-delkenheim.de\/index.php?rest_route=%2Fwp%2Fv2%2Ftags&post=1847"}],"curies":[{"name":"wp","href":"https:\/\/api.w.org\/{rel}","templated":true}]}}