{"id":1855,"date":"2023-07-21T17:59:44","date_gmt":"2023-07-21T15:59:44","guid":{"rendered":"https:\/\/feuerwehr-delkenheim.de\/?p=1855"},"modified":"2023-09-30T18:06:54","modified_gmt":"2023-09-30T16:06:54","slug":"schwerer-verkehrsunfall-in-delkenheim","status":"publish","type":"post","link":"https:\/\/feuerwehr-delkenheim.de\/?p=1855","title":{"rendered":"Schwerer Verkehrsunfall in Delkenheim"},"content":{"rendered":"\n<p>Am fr\u00fchen Morgen des 21. Juli kam es kurz vor 5 Uhr in Delkenheim zu einem lauten Knall an der Kreuzung L3028 \/ M\u00fchlberg \/ Max-Planck-Ring. Hier kollidierte aus unbekannter Ursache ein Kleintransporter mit einem PKW heftigst.<\/p>\n\n\n\n<p>Da eines der Fahrzeuge einen eCall ohne n\u00e4here Informationen ausl\u00f6ste, entsandte die Rettungsleitstelle Kr\u00e4fte nach dem Alarmstichwort f\u00fcr Verkehrsunf\u00e4lle mit eingeklemmter Person und damit auch die Freiwilligen Feuerwehren aus Nordenstadt und Delkenheim. Aufgrund der \u00d6rtlichkeit traf die Delkenheimer Wehr auch zuerst am Einsatzort ein und konnte schnell feststellen: Keine eingeklemmten Personen. Somit wurden die Kr\u00e4fte aus Nordenstadt und der Berufsfeuerwehr wieder abbestellt.<\/p>\n\n\n\n<p>Verletzte Personen gab es hierbei trotzdem, diese wurden vom Rettungsdienst erstversorgt und anschlie\u00dfend in Wiesbadener Kliniken gefahren. Nach der Unfallaufnahme durch die Polizei konnten wir ca 1,5 Stunden sp\u00e4ter wieder einr\u00fccken.<\/p>\n","protected":false},"excerpt":{"rendered":"<p>Am fr\u00fchen Morgen des 21. Juli kam es kurz vor 5 Uhr in Delkenheim zu einem lauten Knall an der Kreuzung L3028 \/ M\u00fchlberg \/ Max-Planck-Ring. Hier kollidierte aus unbekannter Ursache ein Kleintransporter mit einem PKW heftigst. Da eines der &hellip; <a href=\"https:\/\/feuerwehr-delkenheim.de\/?p=1855\">Weiterlesen <span class=\"meta-nav\">&rarr;<\/span><\/a><\/p>\n","protected":false},"author":1,"featured_media":0,"comment_status":"closed","ping_status":"closed","sticky":false,"template":"","format":"standard","meta":{"jetpack_post_was_ever_published":false,"_jetpack_newsletter_access":"","_jetpack_dont_email_post_to_subs":false,"_jetpack_newsletter_tier_id":0,"_jetpack_memberships_contains_paywalled_content":false,"_jetpack_memberships_contains_paid_content":false,"footnotes":""},"categories":[3],"tags":[50,133,83],"class_list":["post-1855","post","type-post","status-publish","format-standard","hentry","category-einsatzabteilung","tag-einsatz","tag-l3028","tag-verkehrsunfall"],"jetpack_featured_media_url":"","jetpack_sharing_enabled":true,"_links":{"self":[{"href":"https:\/\/feuerwehr-delkenheim.de\/index.php?rest_route=\/wp\/v2\/posts\/1855","targetHints":{"allow":["GET"]}}],"collection":[{"href":"https:\/\/feuerwehr-delkenheim.de\/index.php?rest_route=\/wp\/v2\/posts"}],"about":[{"href":"https:\/\/feuerwehr-delkenheim.de\/index.php?rest_route=\/wp\/v2\/types\/post"}],"author":[{"embeddable":true,"href":"https:\/\/feuerwehr-delkenheim.de\/index.php?rest_route=\/wp\/v2\/users\/1"}],"replies":[{"embeddable":true,"href":"https:\/\/feuerwehr-delkenheim.de\/index.php?rest_route=%2Fwp%2Fv2%2Fcomments&post=1855"}],"version-history":[{"count":1,"href":"https:\/\/feuerwehr-delkenheim.de\/index.php?rest_route=\/wp\/v2\/posts\/1855\/revisions"}],"predecessor-version":[{"id":1856,"href":"https:\/\/feuerwehr-delkenheim.de\/index.php?rest_route=\/wp\/v2\/posts\/1855\/revisions\/1856"}],"wp:attachment":[{"href":"https:\/\/feuerwehr-delkenheim.de\/index.php?rest_route=%2Fwp%2Fv2%2Fmedia&parent=1855"}],"wp:term":[{"taxonomy":"category","embeddable":true,"href":"https:\/\/feuerwehr-delkenheim.de\/index.php?rest_route=%2Fwp%2Fv2%2Fcategories&post=1855"},{"taxonomy":"post_tag","embeddable":true,"href":"https:\/\/feuerwehr-delkenheim.de\/index.php?rest_route=%2Fwp%2Fv2%2Ftags&post=1855"}],"curies":[{"name":"wp","href":"https:\/\/api.w.org\/{rel}","templated":true}]}}