{"id":1861,"date":"2023-08-16T23:30:00","date_gmt":"2023-08-16T21:30:00","guid":{"rendered":"https:\/\/feuerwehr-delkenheim.de\/?p=1861"},"modified":"2023-10-02T17:48:59","modified_gmt":"2023-10-02T15:48:59","slug":"starkes-gewitter-ueber-delkenheim","status":"publish","type":"post","link":"https:\/\/feuerwehr-delkenheim.de\/?p=1861","title":{"rendered":"Starkes Gewitter \u00fcber Delkenheim"},"content":{"rendered":"\n<p>Am Mittwoch, den 16. August zog abends ein starkes Gewitter \u00fcber Delkenheim. Offenbar wurde sowas wie ein Storchennest  auf einem Strommast in der Dunkelheit bei Regen und Sturm vom Strommast geweht und kam dabei mit den Hochspannungsleitungen in Ber\u00fchrung. Zumindest k\u00f6nnte sich das Nest kurz entz\u00fcndet haben, weswegen wir zu einem Brand eines Hochspannungsmastes alarmiert wurden. Vor Ort eingetroffen, war jedoch nichts brennendes mehr feststellbar und auch keine herunterh\u00e4ngende oder abgerissene Stromleitung zu finden. Wir konnten also 15 Minuten nach dem Alarm den Einsatz wieder abbrechen.<\/p>\n\n\n\n<p>Allerdings kam es 30 min sp\u00e4ter noch einmal zu einem Alarm. Diesmal stand nach dem Starkregen-Ereignis leider ein Keller unter Wasser. Im Haus war die R\u00fcckschlagklappe defekt und konnte somit den Wassereinbruch \u00fcber das Kanalsystem nicht zur\u00fcckhalten. Da wir neben dem Industrie-Sauger auf unserem L\u00f6schfarhzeug einen zweiten im Ger\u00e4tehaus f\u00fcr die Unwetterkomponente des Mannschaftsfahrzeugs haben, holten wir diesen ebenfalls dazu, damit wir die relativ gro\u00dfe betroffene Grundfl\u00e4che von ca 150 Quadratmetern dann doppelt so schnell trocken legen konnten, was immer noch 90 Minuten dauerte.<\/p>\n","protected":false},"excerpt":{"rendered":"<p>Am Mittwoch, den 16. August zog abends ein starkes Gewitter \u00fcber Delkenheim. Offenbar wurde sowas wie ein Storchennest auf einem Strommast in der Dunkelheit bei Regen und Sturm vom Strommast geweht und kam dabei mit den Hochspannungsleitungen in Ber\u00fchrung. Zumindest &hellip; <a href=\"https:\/\/feuerwehr-delkenheim.de\/?p=1861\">Weiterlesen <span class=\"meta-nav\">&rarr;<\/span><\/a><\/p>\n","protected":false},"author":1,"featured_media":0,"comment_status":"closed","ping_status":"closed","sticky":false,"template":"","format":"standard","meta":{"jetpack_post_was_ever_published":false,"_jetpack_newsletter_access":"","_jetpack_dont_email_post_to_subs":false,"_jetpack_newsletter_tier_id":0,"_jetpack_memberships_contains_paywalled_content":false,"_jetpack_memberships_contains_paid_content":false,"footnotes":""},"categories":[3],"tags":[50,122,49],"class_list":["post-1861","post","type-post","status-publish","format-standard","hentry","category-einsatzabteilung","tag-einsatz","tag-keller","tag-unwetter"],"jetpack_featured_media_url":"","jetpack_sharing_enabled":true,"_links":{"self":[{"href":"https:\/\/feuerwehr-delkenheim.de\/index.php?rest_route=\/wp\/v2\/posts\/1861","targetHints":{"allow":["GET"]}}],"collection":[{"href":"https:\/\/feuerwehr-delkenheim.de\/index.php?rest_route=\/wp\/v2\/posts"}],"about":[{"href":"https:\/\/feuerwehr-delkenheim.de\/index.php?rest_route=\/wp\/v2\/types\/post"}],"author":[{"embeddable":true,"href":"https:\/\/feuerwehr-delkenheim.de\/index.php?rest_route=\/wp\/v2\/users\/1"}],"replies":[{"embeddable":true,"href":"https:\/\/feuerwehr-delkenheim.de\/index.php?rest_route=%2Fwp%2Fv2%2Fcomments&post=1861"}],"version-history":[{"count":1,"href":"https:\/\/feuerwehr-delkenheim.de\/index.php?rest_route=\/wp\/v2\/posts\/1861\/revisions"}],"predecessor-version":[{"id":1862,"href":"https:\/\/feuerwehr-delkenheim.de\/index.php?rest_route=\/wp\/v2\/posts\/1861\/revisions\/1862"}],"wp:attachment":[{"href":"https:\/\/feuerwehr-delkenheim.de\/index.php?rest_route=%2Fwp%2Fv2%2Fmedia&parent=1861"}],"wp:term":[{"taxonomy":"category","embeddable":true,"href":"https:\/\/feuerwehr-delkenheim.de\/index.php?rest_route=%2Fwp%2Fv2%2Fcategories&post=1861"},{"taxonomy":"post_tag","embeddable":true,"href":"https:\/\/feuerwehr-delkenheim.de\/index.php?rest_route=%2Fwp%2Fv2%2Ftags&post=1861"}],"curies":[{"name":"wp","href":"https:\/\/api.w.org\/{rel}","templated":true}]}}