{"id":188,"date":"2015-05-25T17:12:36","date_gmt":"2015-05-25T16:12:36","guid":{"rendered":"http:\/\/feuerwehr-delkenheim.de\/?p=188"},"modified":"2015-05-29T12:00:34","modified_gmt":"2015-05-29T11:00:34","slug":"bienenwiese-der-grundschule","status":"publish","type":"post","link":"https:\/\/feuerwehr-delkenheim.de\/?p=188","title":{"rendered":"Bienenweide der Grundschule"},"content":{"rendered":"<p><a href=\"https:\/\/feuerwehr-delkenheim.de\/wp-content\/uploads\/2015\/05\/02_20150508_204045.jpg\"><img loading=\"lazy\" decoding=\"async\" class=\" size-medium wp-image-191 alignright\" src=\"https:\/\/feuerwehr-delkenheim.de\/wp-content\/uploads\/2015\/05\/02_20150508_204045-300x225.jpg\" alt=\"02_20150508_204045\" width=\"300\" height=\"225\" srcset=\"https:\/\/feuerwehr-delkenheim.de\/wp-content\/uploads\/2015\/05\/02_20150508_204045-300x225.jpg 300w, https:\/\/feuerwehr-delkenheim.de\/wp-content\/uploads\/2015\/05\/02_20150508_204045-1024x768.jpg 1024w, https:\/\/feuerwehr-delkenheim.de\/wp-content\/uploads\/2015\/05\/02_20150508_204045-400x300.jpg 400w, https:\/\/feuerwehr-delkenheim.de\/wp-content\/uploads\/2015\/05\/02_20150508_204045.jpg 1829w\" sizes=\"auto, (max-width: 300px) 100vw, 300px\" \/><\/a>Wir unterst\u00fctzen das <a href=\"http:\/\/www.imkerverein-wiesbaden.de\/imker-werden\/kinder-und-jugend.html\" target=\"_blank\">Projekt Bienenweide<\/a> der Karl-G\u00e4rtner-Schule Delkenheim.<\/p>\n<p>Eine angelegte Fl\u00e4che vor der Schulbetreuung wurde von den Organisatoren mit Wildblumensamen einges\u00e4t und wird von uns regelm\u00e4\u00dfig bew\u00e4ssert, bis die Blumen gewachsen sind. Das Wasser hierf\u00fcr entnehmen wir aus dem nahe gelegenen Wickerbach<\/p>\n","protected":false},"excerpt":{"rendered":"<p>Wir unterst\u00fctzen das Projekt Bienenweide der Karl-G\u00e4rtner-Schule Delkenheim. Eine angelegte Fl\u00e4che vor der Schulbetreuung wurde von den Organisatoren mit Wildblumensamen einges\u00e4t und wird von uns regelm\u00e4\u00dfig bew\u00e4ssert, bis die Blumen gewachsen sind. Das Wasser hierf\u00fcr entnehmen wir aus dem nahe &hellip; <a href=\"https:\/\/feuerwehr-delkenheim.de\/?p=188\">Weiterlesen <span class=\"meta-nav\">&rarr;<\/span><\/a><\/p>\n","protected":false},"author":5,"featured_media":0,"comment_status":"closed","ping_status":"closed","sticky":false,"template":"","format":"standard","meta":{"jetpack_post_was_ever_published":false,"_jetpack_newsletter_access":"","_jetpack_dont_email_post_to_subs":false,"_jetpack_newsletter_tier_id":0,"_jetpack_memberships_contains_paywalled_content":false,"_jetpack_memberships_contains_paid_content":false,"footnotes":""},"categories":[2,5],"tags":[15,16],"class_list":["post-188","post","type-post","status-publish","format-standard","hentry","category-allgemein","category-verein","tag-bienenweide","tag-karl-gaertner-schule"],"jetpack_featured_media_url":"","jetpack_sharing_enabled":true,"_links":{"self":[{"href":"https:\/\/feuerwehr-delkenheim.de\/index.php?rest_route=\/wp\/v2\/posts\/188","targetHints":{"allow":["GET"]}}],"collection":[{"href":"https:\/\/feuerwehr-delkenheim.de\/index.php?rest_route=\/wp\/v2\/posts"}],"about":[{"href":"https:\/\/feuerwehr-delkenheim.de\/index.php?rest_route=\/wp\/v2\/types\/post"}],"author":[{"embeddable":true,"href":"https:\/\/feuerwehr-delkenheim.de\/index.php?rest_route=\/wp\/v2\/users\/5"}],"replies":[{"embeddable":true,"href":"https:\/\/feuerwehr-delkenheim.de\/index.php?rest_route=%2Fwp%2Fv2%2Fcomments&post=188"}],"version-history":[{"count":3,"href":"https:\/\/feuerwehr-delkenheim.de\/index.php?rest_route=\/wp\/v2\/posts\/188\/revisions"}],"predecessor-version":[{"id":205,"href":"https:\/\/feuerwehr-delkenheim.de\/index.php?rest_route=\/wp\/v2\/posts\/188\/revisions\/205"}],"wp:attachment":[{"href":"https:\/\/feuerwehr-delkenheim.de\/index.php?rest_route=%2Fwp%2Fv2%2Fmedia&parent=188"}],"wp:term":[{"taxonomy":"category","embeddable":true,"href":"https:\/\/feuerwehr-delkenheim.de\/index.php?rest_route=%2Fwp%2Fv2%2Fcategories&post=188"},{"taxonomy":"post_tag","embeddable":true,"href":"https:\/\/feuerwehr-delkenheim.de\/index.php?rest_route=%2Fwp%2Fv2%2Ftags&post=188"}],"curies":[{"name":"wp","href":"https:\/\/api.w.org\/{rel}","templated":true}]}}