{"id":1889,"date":"2023-12-02T18:00:00","date_gmt":"2023-12-02T16:00:00","guid":{"rendered":"https:\/\/feuerwehr-delkenheim.de\/?p=1889"},"modified":"2023-12-28T23:01:01","modified_gmt":"2023-12-28T21:01:01","slug":"aufstellen-und-schmuecken-des-weihnachtsbaumes","status":"publish","type":"post","link":"https:\/\/feuerwehr-delkenheim.de\/?p=1889","title":{"rendered":"Aufstellen und Schm\u00fccken des Weihnachtsbaumes"},"content":{"rendered":"<div class=\"wp-block-image\">\n<figure class=\"alignright size-medium\"><a href=\"https:\/\/feuerwehr-delkenheim.de\/wp-content\/uploads\/2023\/12\/WeihnachtsbaumRathausplatz.jpg\"><img loading=\"lazy\" decoding=\"async\" width=\"225\" height=\"300\" src=\"https:\/\/feuerwehr-delkenheim.de\/wp-content\/uploads\/2023\/12\/WeihnachtsbaumRathausplatz-225x300.jpg\" alt=\"\" class=\"wp-image-1888\" srcset=\"https:\/\/feuerwehr-delkenheim.de\/wp-content\/uploads\/2023\/12\/WeihnachtsbaumRathausplatz-225x300.jpg 225w, https:\/\/feuerwehr-delkenheim.de\/wp-content\/uploads\/2023\/12\/WeihnachtsbaumRathausplatz-768x1024.jpg 768w, https:\/\/feuerwehr-delkenheim.de\/wp-content\/uploads\/2023\/12\/WeihnachtsbaumRathausplatz.jpg 960w\" sizes=\"auto, (max-width: 225px) 100vw, 225px\" \/><\/a><\/figure>\n<\/div>\n\n\n<p>Am Abend des Freitag, 26. November k\u00fcmmerten sich Mitglieder der Einsatzabteilung zusammen mit Landwirt Kevin Mulke um das F\u00e4llen, Transportieren und Aufstellen des Weihnachtsbaumes auf dem Rathausplatz.<\/p>\n\n\n\n<p>Am Samstag, 2. Dezember k\u00fcmmerte sich dann 3 Stunden lange eine kleine Mannschaft um das Schm\u00fccken des Weihnachtsbaumes mit Unterst\u00fctzung eines Gabelstaplers von Daniel Sauter. <\/p>\n\n\n\n<p>Somit konnte der Delkenheimer Weihnachtsmarkt am kommenden Samstag, 9. Dezember starten!<\/p>\n","protected":false},"excerpt":{"rendered":"<p>Am Abend des Freitag, 26. November k\u00fcmmerten sich Mitglieder der Einsatzabteilung zusammen mit Landwirt Kevin Mulke um das F\u00e4llen, Transportieren und Aufstellen des Weihnachtsbaumes auf dem Rathausplatz. Am Samstag, 2. Dezember k\u00fcmmerte sich dann 3 Stunden lange eine kleine Mannschaft &hellip; <a href=\"https:\/\/feuerwehr-delkenheim.de\/?p=1889\">Weiterlesen <span class=\"meta-nav\">&rarr;<\/span><\/a><\/p>\n","protected":false},"author":1,"featured_media":0,"comment_status":"closed","ping_status":"closed","sticky":false,"template":"","format":"standard","meta":{"jetpack_post_was_ever_published":false,"_jetpack_newsletter_access":"","_jetpack_dont_email_post_to_subs":false,"_jetpack_newsletter_tier_id":0,"_jetpack_memberships_contains_paywalled_content":false,"_jetpack_memberships_contains_paid_content":false,"footnotes":""},"categories":[5],"tags":[],"class_list":["post-1889","post","type-post","status-publish","format-standard","hentry","category-verein"],"jetpack_featured_media_url":"","jetpack_sharing_enabled":true,"_links":{"self":[{"href":"https:\/\/feuerwehr-delkenheim.de\/index.php?rest_route=\/wp\/v2\/posts\/1889","targetHints":{"allow":["GET"]}}],"collection":[{"href":"https:\/\/feuerwehr-delkenheim.de\/index.php?rest_route=\/wp\/v2\/posts"}],"about":[{"href":"https:\/\/feuerwehr-delkenheim.de\/index.php?rest_route=\/wp\/v2\/types\/post"}],"author":[{"embeddable":true,"href":"https:\/\/feuerwehr-delkenheim.de\/index.php?rest_route=\/wp\/v2\/users\/1"}],"replies":[{"embeddable":true,"href":"https:\/\/feuerwehr-delkenheim.de\/index.php?rest_route=%2Fwp%2Fv2%2Fcomments&post=1889"}],"version-history":[{"count":1,"href":"https:\/\/feuerwehr-delkenheim.de\/index.php?rest_route=\/wp\/v2\/posts\/1889\/revisions"}],"predecessor-version":[{"id":1890,"href":"https:\/\/feuerwehr-delkenheim.de\/index.php?rest_route=\/wp\/v2\/posts\/1889\/revisions\/1890"}],"wp:attachment":[{"href":"https:\/\/feuerwehr-delkenheim.de\/index.php?rest_route=%2Fwp%2Fv2%2Fmedia&parent=1889"}],"wp:term":[{"taxonomy":"category","embeddable":true,"href":"https:\/\/feuerwehr-delkenheim.de\/index.php?rest_route=%2Fwp%2Fv2%2Fcategories&post=1889"},{"taxonomy":"post_tag","embeddable":true,"href":"https:\/\/feuerwehr-delkenheim.de\/index.php?rest_route=%2Fwp%2Fv2%2Ftags&post=1889"}],"curies":[{"name":"wp","href":"https:\/\/api.w.org\/{rel}","templated":true}]}}