{"id":1938,"date":"2024-04-23T17:19:48","date_gmt":"2024-04-23T15:19:48","guid":{"rendered":"https:\/\/feuerwehr-delkenheim.de\/?p=1938"},"modified":"2024-04-23T21:22:39","modified_gmt":"2024-04-23T19:22:39","slug":"vermisste-person","status":"publish","type":"post","link":"https:\/\/feuerwehr-delkenheim.de\/?p=1938","title":{"rendered":"Vermisste Person"},"content":{"rendered":"\n<p>Am Vormittag des 21. April gegen 11:30 Uhr wurden wir gemeinsam mit zahlreichen weiteren Freiwilligen Feuerwehren, der Rettungshundestaffel, dem F\u00fchrungsdienst der Feuerwache 1, der Logistikgruppe, sowie der IuK-Gruppe zur Unterst\u00fctzung der Polizei alarmiert. Hierbei handelte es sich um eine gro\u00dfangelegte Suchaktion, da eine Frau seit bereits \u00fcber 28h im Bereich Idsteiner Stra\u00dfe \/ Tr\u00e4nkweg vermisst wurde.<\/p>\n\n\n\n<figure class=\"wp-block-image size-large\"><img loading=\"lazy\" decoding=\"async\" width=\"730\" height=\"853\" src=\"https:\/\/feuerwehr-delkenheim.de\/wp-content\/uploads\/2024\/04\/image-1.jpg\" alt=\"\" class=\"wp-image-1947\" srcset=\"https:\/\/feuerwehr-delkenheim.de\/wp-content\/uploads\/2024\/04\/image-1.jpg 730w, https:\/\/feuerwehr-delkenheim.de\/wp-content\/uploads\/2024\/04\/image-1-257x300.jpg 257w\" sizes=\"auto, (max-width: 730px) 100vw, 730px\" \/><\/figure>\n\n\n\n<p>Um auszuschlie\u00dfen, dass diese im anliegenden Wald verungl\u00fcckt ist, wurde dieser in 5 Abschnitte unterteilt und von Suchketten der Feuerwehr gr\u00fcndlich kontrolliert. <\/p>\n\n\n\n<figure class=\"wp-block-image size-large\"><img loading=\"lazy\" decoding=\"async\" width=\"503\" height=\"316\" src=\"https:\/\/feuerwehr-delkenheim.de\/wp-content\/uploads\/2024\/04\/img_5382-1.jpg\" alt=\"\" class=\"wp-image-1946\" srcset=\"https:\/\/feuerwehr-delkenheim.de\/wp-content\/uploads\/2024\/04\/img_5382-1.jpg 503w, https:\/\/feuerwehr-delkenheim.de\/wp-content\/uploads\/2024\/04\/img_5382-1-300x188.jpg 300w, https:\/\/feuerwehr-delkenheim.de\/wp-content\/uploads\/2024\/04\/img_5382-1-478x300.jpg 478w\" sizes=\"auto, (max-width: 503px) 100vw, 503px\" \/><\/figure>\n\n\n\n<p>Nach 6h Einsatzdauer wurde das Waldst\u00fcck ohne Feststellung als abgesucht erkl\u00e4rt und der Einsatz wurde wieder an die Polizei \u00fcbergeben. Alle Kr\u00e4fte der Feuerwehr konnten wieder einr\u00fccken. <\/p>\n\n\n\n<p>Am Morgen des 23.04.2024 meldete die Polizei, dass die Frau tot im Bereich ihres Altenwohnheims aufgefunden wurde.<\/p>\n\n\n\n<figure class=\"wp-block-image size-large\"><img loading=\"lazy\" decoding=\"async\" width=\"677\" height=\"469\" src=\"https:\/\/feuerwehr-delkenheim.de\/wp-content\/uploads\/2024\/04\/image-1-1.jpg\" alt=\"\" class=\"wp-image-1949\" srcset=\"https:\/\/feuerwehr-delkenheim.de\/wp-content\/uploads\/2024\/04\/image-1-1.jpg 677w, https:\/\/feuerwehr-delkenheim.de\/wp-content\/uploads\/2024\/04\/image-1-1-300x208.jpg 300w, https:\/\/feuerwehr-delkenheim.de\/wp-content\/uploads\/2024\/04\/image-1-1-433x300.jpg 433w\" sizes=\"auto, (max-width: 677px) 100vw, 677px\" \/><\/figure>\n\n\n\n<p><\/p>\n","protected":false},"excerpt":{"rendered":"<p>Am Vormittag des 21. April gegen 11:30 Uhr wurden wir gemeinsam mit zahlreichen weiteren Freiwilligen Feuerwehren, der Rettungshundestaffel, dem F\u00fchrungsdienst der Feuerwache 1, der Logistikgruppe, sowie der IuK-Gruppe zur Unterst\u00fctzung der Polizei alarmiert. Hierbei handelte es sich um eine gro\u00dfangelegte &hellip; <a href=\"https:\/\/feuerwehr-delkenheim.de\/?p=1938\">Weiterlesen <span class=\"meta-nav\">&rarr;<\/span><\/a><\/p>\n","protected":false},"author":11,"featured_media":0,"comment_status":"closed","ping_status":"closed","sticky":false,"template":"","format":"standard","meta":{"jetpack_post_was_ever_published":false,"_jetpack_newsletter_access":"","_jetpack_dont_email_post_to_subs":false,"_jetpack_newsletter_tier_id":0,"_jetpack_memberships_contains_paywalled_content":false,"_jetpack_memberships_contains_paid_content":false,"footnotes":""},"categories":[3],"tags":[50,140],"class_list":["post-1938","post","type-post","status-publish","format-standard","hentry","category-einsatzabteilung","tag-einsatz","tag-vermisste-person"],"jetpack_featured_media_url":"","jetpack_sharing_enabled":true,"_links":{"self":[{"href":"https:\/\/feuerwehr-delkenheim.de\/index.php?rest_route=\/wp\/v2\/posts\/1938","targetHints":{"allow":["GET"]}}],"collection":[{"href":"https:\/\/feuerwehr-delkenheim.de\/index.php?rest_route=\/wp\/v2\/posts"}],"about":[{"href":"https:\/\/feuerwehr-delkenheim.de\/index.php?rest_route=\/wp\/v2\/types\/post"}],"author":[{"embeddable":true,"href":"https:\/\/feuerwehr-delkenheim.de\/index.php?rest_route=\/wp\/v2\/users\/11"}],"replies":[{"embeddable":true,"href":"https:\/\/feuerwehr-delkenheim.de\/index.php?rest_route=%2Fwp%2Fv2%2Fcomments&post=1938"}],"version-history":[{"count":8,"href":"https:\/\/feuerwehr-delkenheim.de\/index.php?rest_route=\/wp\/v2\/posts\/1938\/revisions"}],"predecessor-version":[{"id":1952,"href":"https:\/\/feuerwehr-delkenheim.de\/index.php?rest_route=\/wp\/v2\/posts\/1938\/revisions\/1952"}],"wp:attachment":[{"href":"https:\/\/feuerwehr-delkenheim.de\/index.php?rest_route=%2Fwp%2Fv2%2Fmedia&parent=1938"}],"wp:term":[{"taxonomy":"category","embeddable":true,"href":"https:\/\/feuerwehr-delkenheim.de\/index.php?rest_route=%2Fwp%2Fv2%2Fcategories&post=1938"},{"taxonomy":"post_tag","embeddable":true,"href":"https:\/\/feuerwehr-delkenheim.de\/index.php?rest_route=%2Fwp%2Fv2%2Ftags&post=1938"}],"curies":[{"name":"wp","href":"https:\/\/api.w.org\/{rel}","templated":true}]}}