{"id":1973,"date":"2024-05-05T19:30:00","date_gmt":"2024-05-05T17:30:00","guid":{"rendered":"https:\/\/feuerwehr-delkenheim.de\/?p=1973"},"modified":"2024-05-06T21:07:40","modified_gmt":"2024-05-06T19:07:40","slug":"vermisste-person-2","status":"publish","type":"post","link":"https:\/\/feuerwehr-delkenheim.de\/?p=1973","title":{"rendered":"Vermisste Person in Delkenheim"},"content":{"rendered":"<div class=\"wp-block-image\">\n<figure class=\"alignright size-medium is-resized\"><a href=\"https:\/\/feuerwehr-delkenheim.de\/wp-content\/uploads\/2024\/05\/Image-1.jpg\"><img loading=\"lazy\" decoding=\"async\" width=\"300\" height=\"225\" src=\"https:\/\/feuerwehr-delkenheim.de\/wp-content\/uploads\/2024\/05\/Image-1-300x225.jpg\" alt=\"\" class=\"wp-image-1974\" style=\"width:403px;height:auto\" srcset=\"https:\/\/feuerwehr-delkenheim.de\/wp-content\/uploads\/2024\/05\/Image-1-300x225.jpg 300w, https:\/\/feuerwehr-delkenheim.de\/wp-content\/uploads\/2024\/05\/Image-1-400x300.jpg 400w, https:\/\/feuerwehr-delkenheim.de\/wp-content\/uploads\/2024\/05\/Image-1.jpg 640w\" sizes=\"auto, (max-width: 300px) 100vw, 300px\" \/><\/a><\/figure>\n<\/div>\n\n\n<p>Am Samstag, den 04.05.2024 wurden wir am fr\u00fchen Nachmittag gemeinsam mit der Rettungshundestaffel Wiesbaden und dem Einsatzleitdienst der Berufsfeuerwehr zur Unterst\u00fctzung der Polizei alarmiert. Einige Einsatzkr\u00e4fte waren gerade in dem Moment bei der R\u00fcckkehr mit der Jugendfeuerwehr von der Jugendflamme. Hierbei handelte es sich erneut um eine vermisste Person (wir berichteten vor zwei Wochen), diesmal allerdings im Ortsbereich von Delkenheim.<\/p>\n\n\n\n<p>Die vermisste sei vor bereits seit 72 Stunden mit ihrem Hund verschwunden. Anhaltspunkte deuteten darauf hin, dass dieser sich auch im Bereich der Felder zwischen Delkenheim und Erbenheim aufhalten k\u00f6nnte. Nachdem der gesamte Bereich mit Einsatzkr\u00e4ften und Fl\u00e4chensuchhunden sorgf\u00e4ltig abgesucht wurde, r\u00fcckten wir 4 Stunden sp\u00e4ter ohne Fund wieder ein.<\/p>\n\n\n\n<p>Ab fr\u00fchen Abend des daruffolgenden Sonntags gab die Polizei Entwarnung. Die gesuchte Person, sowie ihr Hund wurden gefunden und beide sind wohlauf.<\/p>\n","protected":false},"excerpt":{"rendered":"<p>Am Samstag, den 04.05.2024 wurden wir am fr\u00fchen Nachmittag gemeinsam mit der Rettungshundestaffel Wiesbaden und dem Einsatzleitdienst der Berufsfeuerwehr zur Unterst\u00fctzung der Polizei alarmiert. Einige Einsatzkr\u00e4fte waren gerade in dem Moment bei der R\u00fcckkehr mit der Jugendfeuerwehr von der Jugendflamme. &hellip; <a href=\"https:\/\/feuerwehr-delkenheim.de\/?p=1973\">Weiterlesen <span class=\"meta-nav\">&rarr;<\/span><\/a><\/p>\n","protected":false},"author":11,"featured_media":0,"comment_status":"closed","ping_status":"closed","sticky":false,"template":"","format":"standard","meta":{"jetpack_post_was_ever_published":false,"_jetpack_newsletter_access":"","_jetpack_dont_email_post_to_subs":false,"_jetpack_newsletter_tier_id":0,"_jetpack_memberships_contains_paywalled_content":false,"_jetpack_memberships_contains_paid_content":false,"footnotes":""},"categories":[3],"tags":[50,143],"class_list":["post-1973","post","type-post","status-publish","format-standard","hentry","category-einsatzabteilung","tag-einsatz","tag-personensuche"],"jetpack_featured_media_url":"","jetpack_sharing_enabled":true,"_links":{"self":[{"href":"https:\/\/feuerwehr-delkenheim.de\/index.php?rest_route=\/wp\/v2\/posts\/1973","targetHints":{"allow":["GET"]}}],"collection":[{"href":"https:\/\/feuerwehr-delkenheim.de\/index.php?rest_route=\/wp\/v2\/posts"}],"about":[{"href":"https:\/\/feuerwehr-delkenheim.de\/index.php?rest_route=\/wp\/v2\/types\/post"}],"author":[{"embeddable":true,"href":"https:\/\/feuerwehr-delkenheim.de\/index.php?rest_route=\/wp\/v2\/users\/11"}],"replies":[{"embeddable":true,"href":"https:\/\/feuerwehr-delkenheim.de\/index.php?rest_route=%2Fwp%2Fv2%2Fcomments&post=1973"}],"version-history":[{"count":7,"href":"https:\/\/feuerwehr-delkenheim.de\/index.php?rest_route=\/wp\/v2\/posts\/1973\/revisions"}],"predecessor-version":[{"id":1985,"href":"https:\/\/feuerwehr-delkenheim.de\/index.php?rest_route=\/wp\/v2\/posts\/1973\/revisions\/1985"}],"wp:attachment":[{"href":"https:\/\/feuerwehr-delkenheim.de\/index.php?rest_route=%2Fwp%2Fv2%2Fmedia&parent=1973"}],"wp:term":[{"taxonomy":"category","embeddable":true,"href":"https:\/\/feuerwehr-delkenheim.de\/index.php?rest_route=%2Fwp%2Fv2%2Fcategories&post=1973"},{"taxonomy":"post_tag","embeddable":true,"href":"https:\/\/feuerwehr-delkenheim.de\/index.php?rest_route=%2Fwp%2Fv2%2Ftags&post=1973"}],"curies":[{"name":"wp","href":"https:\/\/api.w.org\/{rel}","templated":true}]}}