{"id":2121,"date":"2025-03-10T09:30:00","date_gmt":"2025-03-10T07:30:00","guid":{"rendered":"https:\/\/feuerwehr-delkenheim.de\/?p=2121"},"modified":"2025-03-09T23:30:06","modified_gmt":"2025-03-09T21:30:06","slug":"hessenweiter-warntag-am-13-maerz","status":"publish","type":"post","link":"https:\/\/feuerwehr-delkenheim.de\/?p=2121","title":{"rendered":"Hessenweiter Warntag am 13. M\u00e4rz"},"content":{"rendered":"<div class=\"wp-block-image\">\n<figure class=\"alignright size-medium\"><a href=\"https:\/\/feuerwehr-delkenheim.de\/wp-content\/uploads\/2022\/01\/Sirene.jpg\"><img loading=\"lazy\" decoding=\"async\" width=\"240\" height=\"300\" src=\"https:\/\/feuerwehr-delkenheim.de\/wp-content\/uploads\/2022\/01\/Sirene-240x300.jpg\" alt=\"\" class=\"wp-image-1652\" srcset=\"https:\/\/feuerwehr-delkenheim.de\/wp-content\/uploads\/2022\/01\/Sirene-240x300.jpg 240w, https:\/\/feuerwehr-delkenheim.de\/wp-content\/uploads\/2022\/01\/Sirene.jpg 500w\" sizes=\"auto, (max-width: 240px) 100vw, 240px\" \/><\/a><figcaption class=\"wp-element-caption\">Foto: Feuerwehr Wiesbaden<\/figcaption><\/figure>\n<\/div>\n\n\n<p>Am 13. M\u00e4rz 2025 heulen in den hessischen Kommunen zum hessenweiten Probealarm ab 10:15 Uhr die Sirenen. Hintergrund und Ziel des Aktionstages ist es, die B\u00fcrgerinnen und B\u00fcrger f\u00fcr die verschiedenen Warnmittel und Alarmsignale weiter zu sensibilisieren und die technische Warninfrastruktur zu testen.<\/p>\n\n\n\n<p>Neben Sirenen werden auch alle weiteren Warnm\u00f6glichkeiten, wie die Warn-App hessenWARN und das vom Bund eingef\u00fchrte \u201eCell-Broadcast\u201c zum Einsatz kommen. Sowohl das Sirenensignal f\u00fcr den Probealarm ab 10:15 Uhr als auch f\u00fcr die Entwarnung um 10:50 Uhr dauern dann jeweils f\u00fcr eine Minute an.<\/p>\n\n\n\n<p>Zum Test der Warnmedien und zur Sensibilisierung der Bev\u00f6lkerung hat sich inzwischen der bundesweite Warntag im Herbst eines Jahres etabliert. \u00dcber diesen bundesweiten Warntag hinaus, soll nun in den Bundesl\u00e4ndern ein jeweils landesweiter Warntag etabliert werden. Ziel ist es, die Ausl\u00f6sung der regionalen Warnmedien \u00fcber die Infrastruktur der hessischen Landkreise und kreisfreien St\u00e4dte zu testen. In einer bundesweiten Abstimmung hat man den landesweiten Warntag allj\u00e4hrlich f\u00fcr den zweiten Donnerstag im M\u00e4rz vormittags festgelegt. Eine Warnung der Bev\u00f6lkerung kann sowohl bei einer Bedrohung der Bundesrepublik von au\u00dfen (\u201eZivilschutzfall\u201c), bei Gro\u00dfschadenslagen (\u201eKatastrophenfall\u201c), im t\u00e4glichen Einsatzgeschehen der Feuerwehr (\u201et\u00e4gliche Gefahrenabwehr\u201c) und auch bei polizeilichen Ereignissen (z.B. Terrorlage) erforderlich sein.<\/p>\n\n\n\n<p>Am 13. M\u00e4rz wird dieser landesweite Warntag in Hessen und dar\u00fcber hinaus auch in den L\u00e4ndern Bayern, Nordrhein-Westfalen und Rheinland-Pfalz durchgef\u00fchrt. Hierzu l\u00f6sen in Hessen die Zentralen Leitstellen der Landkreise und kreisfreien St\u00e4dte \u00fcber ihre eigene Infrastruktur ihre regionalen Warnmedien aus.<\/p>\n\n\n\n<p>Mehr dazu bei bei der <a href=\"https:\/\/hessen.de\/presse\/hessenweiter-warntag-am-13-maerz\" data-type=\"link\" data-id=\"https:\/\/hessen.de\/presse\/hessenweiter-warntag-am-13-maerz\" target=\"_blank\" rel=\"noreferrer noopener\">Pressestelle des Landes Hessen<\/a> und bei der <a href=\"https:\/\/www.wiesbaden.de\/microsite\/feuerwehr\/warnung-bevoelkerung\/content\/sirenenprobe.php\" data-type=\"link\" data-id=\"https:\/\/www.wiesbaden.de\/microsite\/feuerwehr\/warnung-bevoelkerung\/content\/sirenenprobe.php\" target=\"_blank\" rel=\"noreferrer noopener\">Landeshauptstadt Wiesbaden<\/a>.<\/p>\n\n\n\n<p><\/p>\n","protected":false},"excerpt":{"rendered":"<p>Am 13. M\u00e4rz 2025 heulen in den hessischen Kommunen zum hessenweiten Probealarm ab 10:15 Uhr die Sirenen. Hintergrund und Ziel des Aktionstages ist es, die B\u00fcrgerinnen und B\u00fcrger f\u00fcr die verschiedenen Warnmittel und Alarmsignale weiter zu sensibilisieren und die technische &hellip; <a href=\"https:\/\/feuerwehr-delkenheim.de\/?p=2121\">Weiterlesen <span class=\"meta-nav\">&rarr;<\/span><\/a><\/p>\n","protected":false},"author":1,"featured_media":0,"comment_status":"closed","ping_status":"closed","sticky":false,"template":"","format":"standard","meta":{"jetpack_post_was_ever_published":false,"_jetpack_newsletter_access":"","_jetpack_dont_email_post_to_subs":false,"_jetpack_newsletter_tier_id":0,"_jetpack_memberships_contains_paywalled_content":false,"_jetpack_memberships_contains_paid_content":false,"footnotes":""},"categories":[2],"tags":[116],"class_list":["post-2121","post","type-post","status-publish","format-standard","hentry","category-allgemein","tag-sirenenprobe"],"jetpack_featured_media_url":"","jetpack_sharing_enabled":true,"_links":{"self":[{"href":"https:\/\/feuerwehr-delkenheim.de\/index.php?rest_route=\/wp\/v2\/posts\/2121","targetHints":{"allow":["GET"]}}],"collection":[{"href":"https:\/\/feuerwehr-delkenheim.de\/index.php?rest_route=\/wp\/v2\/posts"}],"about":[{"href":"https:\/\/feuerwehr-delkenheim.de\/index.php?rest_route=\/wp\/v2\/types\/post"}],"author":[{"embeddable":true,"href":"https:\/\/feuerwehr-delkenheim.de\/index.php?rest_route=\/wp\/v2\/users\/1"}],"replies":[{"embeddable":true,"href":"https:\/\/feuerwehr-delkenheim.de\/index.php?rest_route=%2Fwp%2Fv2%2Fcomments&post=2121"}],"version-history":[{"count":3,"href":"https:\/\/feuerwehr-delkenheim.de\/index.php?rest_route=\/wp\/v2\/posts\/2121\/revisions"}],"predecessor-version":[{"id":2125,"href":"https:\/\/feuerwehr-delkenheim.de\/index.php?rest_route=\/wp\/v2\/posts\/2121\/revisions\/2125"}],"wp:attachment":[{"href":"https:\/\/feuerwehr-delkenheim.de\/index.php?rest_route=%2Fwp%2Fv2%2Fmedia&parent=2121"}],"wp:term":[{"taxonomy":"category","embeddable":true,"href":"https:\/\/feuerwehr-delkenheim.de\/index.php?rest_route=%2Fwp%2Fv2%2Fcategories&post=2121"},{"taxonomy":"post_tag","embeddable":true,"href":"https:\/\/feuerwehr-delkenheim.de\/index.php?rest_route=%2Fwp%2Fv2%2Ftags&post=2121"}],"curies":[{"name":"wp","href":"https:\/\/api.w.org\/{rel}","templated":true}]}}