{"id":2213,"date":"2026-03-13T22:55:36","date_gmt":"2026-03-13T20:55:36","guid":{"rendered":"https:\/\/feuerwehr-delkenheim.de\/?p=2213"},"modified":"2026-03-16T18:50:08","modified_gmt":"2026-03-16T16:50:08","slug":"besondere-ehrung-fuer-holger-kahl","status":"publish","type":"post","link":"https:\/\/feuerwehr-delkenheim.de\/?p=2213","title":{"rendered":"Besondere Ehrung f\u00fcr Holger Kahl"},"content":{"rendered":"<div class=\"wp-block-image\">\n<figure class=\"alignright size-medium\"><a href=\"https:\/\/feuerwehr-delkenheim.de\/wp-content\/uploads\/2026\/03\/EhrungHolger.jpg\"><img loading=\"lazy\" decoding=\"async\" width=\"249\" height=\"300\" src=\"https:\/\/feuerwehr-delkenheim.de\/wp-content\/uploads\/2026\/03\/EhrungHolger-249x300.jpg\" alt=\"\" class=\"wp-image-2212\" srcset=\"https:\/\/feuerwehr-delkenheim.de\/wp-content\/uploads\/2026\/03\/EhrungHolger-249x300.jpg 249w, https:\/\/feuerwehr-delkenheim.de\/wp-content\/uploads\/2026\/03\/EhrungHolger-849x1024.jpg 849w, https:\/\/feuerwehr-delkenheim.de\/wp-content\/uploads\/2026\/03\/EhrungHolger-768x927.jpg 768w, https:\/\/feuerwehr-delkenheim.de\/wp-content\/uploads\/2026\/03\/EhrungHolger-1273x1536.jpg 1273w, https:\/\/feuerwehr-delkenheim.de\/wp-content\/uploads\/2026\/03\/EhrungHolger.jpg 1591w\" sizes=\"auto, (max-width: 249px) 100vw, 249px\" \/><\/a><figcaption class=\"wp-element-caption\">Bild: Patrick Reubert<\/figcaption><\/figure>\n<\/div>\n\n\n<p>Am Abend des Freitag, den 13. M\u00e4rz nahmen wir mit einigen Mitgliedern der Einsatzabteilung an den Jahreshauptversammlungen des Kreisfeuerwehrverbandes Wiesbaden teil. Im Verlauf der Versammlungen kam es auch zu besonderen Ehrungen, dabei wurde Holger Kahl nach vorne gebeten.<\/p>\n\n\n\n<p>Stadtbrandinspektor Sascha Gerhard und der stellvertretende Stadtbrandinspektor Michael Stark w\u00fcrdigten die langj\u00e4hrigen au\u00dfergew\u00f6hnlichen Verdienste um den Brandschutz im Ortsteil Delkenheim, wobei Holger Kahl seit 1994 dem \u00f6rtlichen Feuerwehrausschuss angeh\u00f6rte, 2001 r\u00fcckte er als stellvertretender Wehrf\u00fchrer nach, bis er 2009 dann selbst die Wehrf\u00fchrung, sowie den Vereinsvorsitz \u00fcbernahm. Erst im Jahr 2021 gab er sein Amt durch eine berufliche Ver\u00e4nderung ab, f\u00fchrte aber den Vereinsvorsitz noch bis zum Ende seiner Wahlzeit 2024 weiter. <\/p>\n\n\n\n<p>In der gesamten Zeit setzte er sich \u00fcber 20 Jahre in au\u00dfergew\u00f6hnlich besonderem Ma\u00dfe f\u00fcr das Fortbestehen der Delkenheimer Feuerwehr ein und unterst\u00fctzt sie noch heute mit gro\u00dfem Einsatz. Durch die Stadtbrandinspektion wurde ihm nun im Namen des Deutschen Feuerwehrverbandes das Deutsche Feuerwehr-Ehrenkreuz in Bronze verliehen.<\/p>\n\n\n\n<p><\/p>\n","protected":false},"excerpt":{"rendered":"<p>Am Abend des Freitag, den 13. M\u00e4rz nahmen wir mit einigen Mitgliedern der Einsatzabteilung an den Jahreshauptversammlungen des Kreisfeuerwehrverbandes Wiesbaden teil. Im Verlauf der Versammlungen kam es auch zu besonderen Ehrungen, dabei wurde Holger Kahl nach vorne gebeten. Stadtbrandinspektor Sascha &hellip; <a href=\"https:\/\/feuerwehr-delkenheim.de\/?p=2213\">Weiterlesen <span class=\"meta-nav\">&rarr;<\/span><\/a><\/p>\n","protected":false},"author":1,"featured_media":2212,"comment_status":"closed","ping_status":"closed","sticky":false,"template":"","format":"standard","meta":{"jetpack_post_was_ever_published":false,"_jetpack_newsletter_access":"","_jetpack_dont_email_post_to_subs":false,"_jetpack_newsletter_tier_id":0,"_jetpack_memberships_contains_paywalled_content":false,"_jetpack_memberships_contains_paid_content":false,"footnotes":""},"categories":[3],"tags":[44],"class_list":["post-2213","post","type-post","status-publish","format-standard","has-post-thumbnail","hentry","category-einsatzabteilung","tag-ehrungen"],"jetpack_featured_media_url":"https:\/\/feuerwehr-delkenheim.de\/wp-content\/uploads\/2026\/03\/EhrungHolger.jpg","jetpack_sharing_enabled":true,"_links":{"self":[{"href":"https:\/\/feuerwehr-delkenheim.de\/index.php?rest_route=\/wp\/v2\/posts\/2213","targetHints":{"allow":["GET"]}}],"collection":[{"href":"https:\/\/feuerwehr-delkenheim.de\/index.php?rest_route=\/wp\/v2\/posts"}],"about":[{"href":"https:\/\/feuerwehr-delkenheim.de\/index.php?rest_route=\/wp\/v2\/types\/post"}],"author":[{"embeddable":true,"href":"https:\/\/feuerwehr-delkenheim.de\/index.php?rest_route=\/wp\/v2\/users\/1"}],"replies":[{"embeddable":true,"href":"https:\/\/feuerwehr-delkenheim.de\/index.php?rest_route=%2Fwp%2Fv2%2Fcomments&post=2213"}],"version-history":[{"count":1,"href":"https:\/\/feuerwehr-delkenheim.de\/index.php?rest_route=\/wp\/v2\/posts\/2213\/revisions"}],"predecessor-version":[{"id":2214,"href":"https:\/\/feuerwehr-delkenheim.de\/index.php?rest_route=\/wp\/v2\/posts\/2213\/revisions\/2214"}],"wp:featuredmedia":[{"embeddable":true,"href":"https:\/\/feuerwehr-delkenheim.de\/index.php?rest_route=\/wp\/v2\/media\/2212"}],"wp:attachment":[{"href":"https:\/\/feuerwehr-delkenheim.de\/index.php?rest_route=%2Fwp%2Fv2%2Fmedia&parent=2213"}],"wp:term":[{"taxonomy":"category","embeddable":true,"href":"https:\/\/feuerwehr-delkenheim.de\/index.php?rest_route=%2Fwp%2Fv2%2Fcategories&post=2213"},{"taxonomy":"post_tag","embeddable":true,"href":"https:\/\/feuerwehr-delkenheim.de\/index.php?rest_route=%2Fwp%2Fv2%2Ftags&post=2213"}],"curies":[{"name":"wp","href":"https:\/\/api.w.org\/{rel}","templated":true}]}}