{"id":460,"date":"2016-01-03T21:53:21","date_gmt":"2016-01-03T20:53:21","guid":{"rendered":"http:\/\/feuerwehr-delkenheim.de\/?p=460"},"modified":"2016-03-27T21:24:45","modified_gmt":"2016-03-27T20:24:45","slug":"2016-beginnt-unruhig","status":"publish","type":"post","link":"https:\/\/feuerwehr-delkenheim.de\/?p=460","title":{"rendered":"2016 beginnt unruhig"},"content":{"rendered":"<p>Kaum hat das Jahr 2016 begonnen, war die gro\u00dfe Knallerei vorbei und lagen erste Familien mit kleinen Kindern schon wieder im Bett, da wurden wir das erste Mal im Jahr alarmiert. Um 02:27 Uhr rief man uns zu einer brennenden 1.100l Papier-Gro\u00dfraum-M\u00fclltonne (GMT). Diese war beim Eintreffen schon so gut wie vollst\u00e4ndig runter gebrannt, da sie aus Kunststoff bestand. Seltsamerweise befand sie sich auf dem Feldweg parallel zur Gotenstra\u00dfe neben dem dortigen Ger\u00e4telager des Golfplatzes. Jemand muss den Beh\u00e4lter also vorher m\u00fchevoll dort hin geschoben haben. Der Beh\u00e4lter wurde binnen wenigen Minuten mit der Schnellangriffseinrichtung und dem im Fahrzeug mitgef\u00fchrten Wasser gel\u00f6scht.<\/p>\n<p><a href=\"https:\/\/feuerwehr-delkenheim.de\/wp-content\/uploads\/2016\/01\/BrennenderAltkleidercontainer.jpg\" rel=\"attachment wp-att-463\"><img loading=\"lazy\" decoding=\"async\" class=\"alignright size-medium wp-image-463\" src=\"https:\/\/feuerwehr-delkenheim.de\/wp-content\/uploads\/2016\/01\/BrennenderAltkleidercontainer-300x196.jpg\" alt=\"Brennender Altkleidercontainer\" width=\"300\" height=\"196\" srcset=\"https:\/\/feuerwehr-delkenheim.de\/wp-content\/uploads\/2016\/01\/BrennenderAltkleidercontainer-300x196.jpg 300w, https:\/\/feuerwehr-delkenheim.de\/wp-content\/uploads\/2016\/01\/BrennenderAltkleidercontainer-768x502.jpg 768w, https:\/\/feuerwehr-delkenheim.de\/wp-content\/uploads\/2016\/01\/BrennenderAltkleidercontainer-1024x669.jpg 1024w, https:\/\/feuerwehr-delkenheim.de\/wp-content\/uploads\/2016\/01\/BrennenderAltkleidercontainer-459x300.jpg 459w, https:\/\/feuerwehr-delkenheim.de\/wp-content\/uploads\/2016\/01\/BrennenderAltkleidercontainer.jpg 1054w\" sizes=\"auto, (max-width: 300px) 100vw, 300px\" \/><\/a>Am Sonntag, den 3. Januar kam es dann um 15:18 Uhr zum n\u00e4chsten Alarm. Ein Altkleidercontainer rauchte in der Augsburger Stra\u00dfe vor sich hin und war bereits warm wie ein Backofen. Zum Vollbrand hat nicht mehr viel gefehlt und der Beh\u00e4lter steht direkt neben einer Trafostation. Hier musste zun\u00e4chst die T\u00fcr des Containers mittels Trennschleifer ge\u00f6ffnet werden, um auch dann wieder mit der Schnellangriffseinrichtung den Inhalt abzul\u00f6schen. Mit einem Dunghaken wurde der Inhalt zum besseren Abl\u00f6schen auseinander gezogen.<\/p>\n<p>In beiden F\u00e4llen entstanden die Br\u00e4nde sicherlich nicht versehentlich. Die Polizei ermittelt.<\/p>\n<p>UPDATE: Erneut brannte am sp\u00e4ten Abend des 8. Januar ein M\u00fclltonnenverschlag in der K\u00f6lner Stra\u00dfe. Auch dieser wurde nach bew\u00e4hrtem Vorgehen z\u00fcgig gel\u00f6scht.<\/p>\n","protected":false},"excerpt":{"rendered":"<p>Kaum hat das Jahr 2016 begonnen, war die gro\u00dfe Knallerei vorbei und lagen erste Familien mit kleinen Kindern schon wieder im Bett, da wurden wir das erste Mal im Jahr alarmiert. Um 02:27 Uhr rief man uns zu einer brennenden &hellip; <a href=\"https:\/\/feuerwehr-delkenheim.de\/?p=460\">Weiterlesen <span class=\"meta-nav\">&rarr;<\/span><\/a><\/p>\n","protected":false},"author":1,"featured_media":0,"comment_status":"closed","ping_status":"closed","sticky":false,"template":"","format":"standard","meta":{"jetpack_post_was_ever_published":false,"_jetpack_newsletter_access":"","_jetpack_dont_email_post_to_subs":false,"_jetpack_newsletter_tier_id":0,"_jetpack_memberships_contains_paywalled_content":false,"_jetpack_memberships_contains_paid_content":false,"footnotes":""},"categories":[3],"tags":[43,42,40],"class_list":["post-460","post","type-post","status-publish","format-standard","hentry","category-einsatzabteilung","tag-altkleidercontainer","tag-brand","tag-muellbehaelter"],"jetpack_featured_media_url":"","jetpack_sharing_enabled":true,"_links":{"self":[{"href":"https:\/\/feuerwehr-delkenheim.de\/index.php?rest_route=\/wp\/v2\/posts\/460","targetHints":{"allow":["GET"]}}],"collection":[{"href":"https:\/\/feuerwehr-delkenheim.de\/index.php?rest_route=\/wp\/v2\/posts"}],"about":[{"href":"https:\/\/feuerwehr-delkenheim.de\/index.php?rest_route=\/wp\/v2\/types\/post"}],"author":[{"embeddable":true,"href":"https:\/\/feuerwehr-delkenheim.de\/index.php?rest_route=\/wp\/v2\/users\/1"}],"replies":[{"embeddable":true,"href":"https:\/\/feuerwehr-delkenheim.de\/index.php?rest_route=%2Fwp%2Fv2%2Fcomments&post=460"}],"version-history":[{"count":4,"href":"https:\/\/feuerwehr-delkenheim.de\/index.php?rest_route=\/wp\/v2\/posts\/460\/revisions"}],"predecessor-version":[{"id":487,"href":"https:\/\/feuerwehr-delkenheim.de\/index.php?rest_route=\/wp\/v2\/posts\/460\/revisions\/487"}],"wp:attachment":[{"href":"https:\/\/feuerwehr-delkenheim.de\/index.php?rest_route=%2Fwp%2Fv2%2Fmedia&parent=460"}],"wp:term":[{"taxonomy":"category","embeddable":true,"href":"https:\/\/feuerwehr-delkenheim.de\/index.php?rest_route=%2Fwp%2Fv2%2Fcategories&post=460"},{"taxonomy":"post_tag","embeddable":true,"href":"https:\/\/feuerwehr-delkenheim.de\/index.php?rest_route=%2Fwp%2Fv2%2Ftags&post=460"}],"curies":[{"name":"wp","href":"https:\/\/api.w.org\/{rel}","templated":true}]}}