{"id":530,"date":"2016-05-28T22:12:29","date_gmt":"2016-05-28T21:12:29","guid":{"rendered":"http:\/\/feuerwehr-delkenheim.de\/?p=530"},"modified":"2016-07-05T22:19:00","modified_gmt":"2016-07-05T21:19:00","slug":"unwetter-im-stadtgebiet","status":"publish","type":"post","link":"https:\/\/feuerwehr-delkenheim.de\/?p=530","title":{"rendered":"Unwetter im Stadtgebiet"},"content":{"rendered":"<p>Am Freitag, den 27. Mai war das Wetter zun\u00e4chst sch\u00f6n und warm, zum Nachmittag hin zog sich aber der Himmel immer wieder verd\u00e4chtig zu. Die Jugendfeuerwehr begann dennoch wie gewohnt um 18 Uhr ihren \u00dcbungsdienst. Um nicht von pl\u00f6tzlichem Platzregen \u00fcberrascht zu werden, beschloss Jugendfeuerwehrwart Dennis Grebert, ein Regenradar stetig im Auge zu behalten, einen Ort zu w\u00e4hlen, an dem man sich sofort unterstellen kann und nur sehr wenig Material aus dem Feuerwehrfahrzeug zu entnehmen.<\/p>\n<p>40 Minuten sp\u00e4ter erwies sich diese Vorsicht als gute Entscheidung. Obwohl es in Delkenheim eigentlich keinen einzigen Tropfen regnete, wurde unser Feuerwehrfahrzeug von der Leitstelle angesprochen, ob es und mit wieviel Personal einsatzklar zur Verf\u00fcgung stehen w\u00fcrde. Keine 10 Minuten sp\u00e4ter erfolgte schon die Alarmierung f\u00fcr die <a href=\"http:\/\/iuk.feuerwehr-wiesbaden.de\/\">IuK Unterst\u00fctzungsgruppe<\/a>, einer Spezialeinheit quer durch alle Freiwillige Feuerwehren Wiesbadens, welche bei Gro\u00dfschadenslagen und bei umfangreichen Unwetterlagen dem F\u00fchrungsdienst oder der Leitstelle behilflich ist. Da Jugendfeuerwehrwart Dennis Grebert auch Mitglied in dieser Gruppe ist, wurde der \u00dcbungsdienst komplett abgebrochen und Dennis Grebert mit dem Mannschaftstransportfahrzeug durch einen weiteren Jugendbetreuer zur Leitstelle gefahren, w\u00e4hrend weitere Betreuer sich weiter um die Jugendlichen k\u00fcmmerten.<\/p>\n<p>Kurz nach 19 Uhr folgte dann auch der Gesamtalarm aller Freiwilligen Feuerwehren in Wiesbaden, so auch Delkenheim. Die Mitglieder der Einsatzabteilung teilten sich auf, um L\u00f6schfahrzeug und Mannschaftstransportfahrzeug etwa gleich stark zu besetzen. Die mobilen Ger\u00e4tschaften f\u00fcr Unwetterlagen wurden in das Mannschaftsfahrzeug und dessen Anh\u00e4nger verladen, so dass beide Fahrzeuge autark und gleichwertig an verschiedenen Einsatzstellen t\u00e4tig werden k\u00f6nnen. Dabei kam unser L\u00f6schfahrzeug vornehmlich in Sonnenberg zum Einsatz, w\u00e4hrend das Mannschaftsfahrzeug in Breckenheim Einsatzstellen zugewiesen bekam.<\/p>\n<p>Beide Fahrzeuge, sowie die IuK Unterst\u00fctzungsgruppe konnten nach zahlreichen Einsatzstellen gegen 01:30 ihren Dienst beenden.<\/p>\n<p>Mehr Infos und vor allem auch Bildmaterial dazu gibt es in folgenden Medien:<\/p>\n<ul>\n<li><a href=\"http:\/\/hessenschau.de\/panorama\/aufraeumarbeiten-nach-unwetter,unwetter-in-wiesbaden-100.html\" target=\"_blank\">Hessenschau<\/a><\/li>\n<li><a href=\"http:\/\/www.wiesbaden112.de\/starke-unwetter-ziehen-ueber-wiesbaden\">Wiesbaden112<\/a><\/li>\n<li><a href=\"http:\/\/www.wiesbadenaktuell.de\/startseite\/news-detail-view\/article\/wiesbadener-innenstadt-geflutet-auch-oestliche-vororte-stark-betroffen.html\">Wiesbadenaktuell<\/a><\/li>\n<\/ul>\n","protected":false},"excerpt":{"rendered":"<p>Am Freitag, den 27. Mai war das Wetter zun\u00e4chst sch\u00f6n und warm, zum Nachmittag hin zog sich aber der Himmel immer wieder verd\u00e4chtig zu. Die Jugendfeuerwehr begann dennoch wie gewohnt um 18 Uhr ihren \u00dcbungsdienst. Um nicht von pl\u00f6tzlichem Platzregen &hellip; <a href=\"https:\/\/feuerwehr-delkenheim.de\/?p=530\">Weiterlesen <span class=\"meta-nav\">&rarr;<\/span><\/a><\/p>\n","protected":false},"author":1,"featured_media":0,"comment_status":"closed","ping_status":"closed","sticky":false,"template":"","format":"standard","meta":{"jetpack_post_was_ever_published":false,"_jetpack_newsletter_access":"","_jetpack_dont_email_post_to_subs":false,"_jetpack_newsletter_tier_id":0,"_jetpack_memberships_contains_paywalled_content":false,"_jetpack_memberships_contains_paid_content":false,"footnotes":""},"categories":[3],"tags":[50,49],"class_list":["post-530","post","type-post","status-publish","format-standard","hentry","category-einsatzabteilung","tag-einsatz","tag-unwetter"],"jetpack_featured_media_url":"","jetpack_sharing_enabled":true,"_links":{"self":[{"href":"https:\/\/feuerwehr-delkenheim.de\/index.php?rest_route=\/wp\/v2\/posts\/530","targetHints":{"allow":["GET"]}}],"collection":[{"href":"https:\/\/feuerwehr-delkenheim.de\/index.php?rest_route=\/wp\/v2\/posts"}],"about":[{"href":"https:\/\/feuerwehr-delkenheim.de\/index.php?rest_route=\/wp\/v2\/types\/post"}],"author":[{"embeddable":true,"href":"https:\/\/feuerwehr-delkenheim.de\/index.php?rest_route=\/wp\/v2\/users\/1"}],"replies":[{"embeddable":true,"href":"https:\/\/feuerwehr-delkenheim.de\/index.php?rest_route=%2Fwp%2Fv2%2Fcomments&post=530"}],"version-history":[{"count":4,"href":"https:\/\/feuerwehr-delkenheim.de\/index.php?rest_route=\/wp\/v2\/posts\/530\/revisions"}],"predecessor-version":[{"id":534,"href":"https:\/\/feuerwehr-delkenheim.de\/index.php?rest_route=\/wp\/v2\/posts\/530\/revisions\/534"}],"wp:attachment":[{"href":"https:\/\/feuerwehr-delkenheim.de\/index.php?rest_route=%2Fwp%2Fv2%2Fmedia&parent=530"}],"wp:term":[{"taxonomy":"category","embeddable":true,"href":"https:\/\/feuerwehr-delkenheim.de\/index.php?rest_route=%2Fwp%2Fv2%2Fcategories&post=530"},{"taxonomy":"post_tag","embeddable":true,"href":"https:\/\/feuerwehr-delkenheim.de\/index.php?rest_route=%2Fwp%2Fv2%2Ftags&post=530"}],"curies":[{"name":"wp","href":"https:\/\/api.w.org\/{rel}","templated":true}]}}