{"id":694,"date":"2016-10-07T20:13:50","date_gmt":"2016-10-07T19:13:50","guid":{"rendered":"http:\/\/feuerwehr-delkenheim.de\/?p=694"},"modified":"2016-10-08T16:29:53","modified_gmt":"2016-10-08T15:29:53","slug":"24h-uebung-der-jugendfeuerwehr-2","status":"publish","type":"post","link":"https:\/\/feuerwehr-delkenheim.de\/?p=694","title":{"rendered":"24h \u00dcbung der Jugendfeuerwehr"},"content":{"rendered":"<p>Am Freitag um 18 Uhr ging es los, wie zu einem regul\u00e4ren Jugendfeuerwehr \u00dcbungsdienst. Nur dass dieser erst am Samstag um 18 Uhr enden wird.<\/p>\n<p><a href=\"https:\/\/feuerwehr-delkenheim.de\/wp-content\/uploads\/2016\/10\/IMG_4969.jpg\"><img loading=\"lazy\" decoding=\"async\" src=\"https:\/\/feuerwehr-delkenheim.de\/wp-content\/uploads\/2016\/10\/IMG_4969-150x150.jpg\" alt=\"img_4969\" width=\"150\" height=\"150\" class=\"alignright size-thumbnail wp-image-689\" \/><\/a>Nach Einweisung in die zus\u00e4tzlichen \u00d6rtlichkeiten zum \u00dcbernachten und das zus\u00e4tzliche Fahrzeug, sowie die Einteilung der Funktionen, gab es auch schon erste Alarme. Wie im echten Leben brannte ein M\u00fclleimer an einer Bushaltestelle in der Freiburger Stra\u00dfe und ein Altkleidercontainer am \u00dcbergang der M\u00fcnchener Stra\u00dfe zur Gotenstra\u00dfe.<\/p>\n<p><a href=\"https:\/\/feuerwehr-delkenheim.de\/wp-content\/uploads\/2016\/10\/IMG_4997.jpg\"><img loading=\"lazy\" decoding=\"async\" src=\"https:\/\/feuerwehr-delkenheim.de\/wp-content\/uploads\/2016\/10\/IMG_4997-150x150.jpg\" alt=\"img_4997\" width=\"150\" height=\"150\" class=\"alignright size-thumbnail wp-image-690\" \/><\/a>Nun gab es aber erst mal Essen f\u00fcr alle (Gegrilltes und durch die Eltern bereitgestellte Salate) im Ger\u00e4tehaus zusammen mit allen Helfern der Einsatzabteilung. Auch eine Fehlalarmierung lie\u00df w\u00e4hrend des Essens kurz die Anspannung steigen.<\/p>\n<p><a href=\"https:\/\/feuerwehr-delkenheim.de\/wp-content\/uploads\/2016\/10\/IMG_5031.jpg\"><img loading=\"lazy\" decoding=\"async\" src=\"https:\/\/feuerwehr-delkenheim.de\/wp-content\/uploads\/2016\/10\/IMG_5031-150x150.jpg\" alt=\"img_5031\" width=\"150\" height=\"150\" class=\"alignright size-thumbnail wp-image-697\" \/><\/a>Nach dem Abendessen mussten alle Fahrzeuge zu einer Hilfeleistung ausr\u00fccken. Ein Baum ist umgest\u00fcrzt und blockiert einen wichtigen Rettungsweg: Die Eifelstra\u00dfe. Er muss schnellstm\u00f6glich beseitigt werden.<\/p>\n<p><a href=\"https:\/\/feuerwehr-delkenheim.de\/wp-content\/uploads\/2016\/10\/IMG_5103.jpg\"><img loading=\"lazy\" decoding=\"async\" src=\"https:\/\/feuerwehr-delkenheim.de\/wp-content\/uploads\/2016\/10\/IMG_5103-150x150.jpg\" alt=\"Personensuche bei Nacht\" width=\"150\" height=\"150\" class=\"alignright size-thumbnail wp-image-700\" \/><\/a>Obwohl es ab 22:30 Uhr nun zur Nachtruhe ging, schreckte gegen 23:05 nochmal der Alarmgong alle hoch. Eine vermisste Person musste koordiniert gesucht, gefunden und gerettet werden. Man sammelte alle Kr\u00e4fte, besprach die Lage und teilte dann mehrere Suchtrupps mit Funkger\u00e4ten und Lampen ein, um den Suchbereich m\u00f6glichst fl\u00e4chendeckend und schnell abzusuchen.<\/p>\n<p><a href=\"https:\/\/feuerwehr-delkenheim.de\/wp-content\/uploads\/2016\/10\/IMG_5136.jpg\"><img loading=\"lazy\" decoding=\"async\" src=\"https:\/\/feuerwehr-delkenheim.de\/wp-content\/uploads\/2016\/10\/IMG_5136-150x150.jpg\" alt=\"N\u00e4chtlicher Brand einer Gartenh\u00fctte\" width=\"150\" height=\"150\" class=\"alignright size-thumbnail wp-image-702\" \/><\/a>Danach waren alle sehr m\u00fcde und gingen in ihre Betten. Kaum waren sie alle eingenickt, gab es doch noch einen Alarm&#8230; eine angenommene Gartenh\u00fctte im Vollbrand, schwer zu erreichen und im Dunklen. Die Jugendlichen begriffen, dass das ziemlich anstrengend sein kann und gemein ist, wenn der Alarm direkt nach dem Einschlafen kommt. Gl\u00fccklicherweise gaben die zahlreich anwesenden Mitglieder der Einsatzabteilung super Tips zum schnellen Vorgehen und halfen nach dem L\u00f6schen auch beim Abbauen, so dass dann alle wieder schnell in ihre Betten konnten.<\/p>\n<p>Die Nacht verlief ansonsten ruhig. Um 7 Uhr gab es Fr\u00fchst\u00fcck, so dass man entsprechend aufstehen musste. Doch kaum waren die ersten Br\u00f6tchen geschmiert, da musste das erste Fahrzeug ausr\u00fccken zu einem brennenden Papierkorb an einer Bushaltestelle. Dort angekommen stellte sich jedoch heraus, dass nirgendwo ein M\u00fclleimer brannte und man den Einsatz abbrechen und wieder einr\u00fccken konnte.<\/p>\n<p><a href=\"https:\/\/feuerwehr-delkenheim.de\/wp-content\/uploads\/2016\/10\/IMG_5179.jpg\"><img loading=\"lazy\" decoding=\"async\" src=\"https:\/\/feuerwehr-delkenheim.de\/wp-content\/uploads\/2016\/10\/IMG_5179-150x150.jpg\" alt=\"\u00d6lspur\" width=\"150\" height=\"150\" class=\"alignright size-thumbnail wp-image-705\" \/><\/a>Nach dem Fr\u00fchst\u00fcck wurden die Schlafpl\u00e4tze weg ger\u00e4umt. Kurz darauf wurden TSF-W und MTF zu einer \u00d6lspur auf der Stra\u00dfe alarmiert. Diese musste beseitigt werden. Die Besatzung des L\u00f6schfahrzeugs ging derweil ihrem Werkstatt- und Fahrzeugpflegedienst nach. Es wurden Inventarverzeichnisse der Nachschubmaterialien auf ihre Vollst\u00e4ndigkeit \u00fcberpr\u00fcft.<\/p>\n<p><a href=\"https:\/\/feuerwehr-delkenheim.de\/wp-content\/uploads\/2016\/10\/IMG_5225.jpg\"><img loading=\"lazy\" decoding=\"async\" src=\"https:\/\/feuerwehr-delkenheim.de\/wp-content\/uploads\/2016\/10\/IMG_5225-150x150.jpg\" alt=\"Dienstsport\" width=\"150\" height=\"150\" class=\"alignright size-thumbnail wp-image-707\" \/><\/a>Ab 9:30 ging es dann f\u00fcr alle in die Turnhalle zum Dienstsport. Hier wurden Ballspiele gespielt. Nach einer halben Stunde funkte die \u00dcbungsleitstelle jedoch, dass die Brandmeldeanlage einer Halle mit landwirtschaftlichen Ger\u00e4ten ausgel\u00f6st hat. Alle mussten sich schnell von Sport- in Feuerwehrkleidung umziehen und umgehend ausr\u00fccken. Vor Ort wurde umfangreich erkundet, es konnte jedoch nichts festgestellt werden. Somit r\u00fcckten alle wieder ein.<\/p>\n<p>Es folgte nach einer Weile Bereitschaftszeit der Ausbildungsdienst. Hierzu begaben sich alle Fahrzeuge zum Lager des Vereinsrings Delkenheim und \u00fcbten den korrekten Umgang mit der 4-teiligen Steckleiter. In Stellung bringen, trennen, verbinden, steigen&#8230; Nach ca 30 Minuten funkte die Leitstelle abermals an und teilte mit, dass die Brandmeldeanlage der landwirtschaftlichen Halle abermals ausgel\u00f6st h\u00e4tte. <a href=\"https:\/\/feuerwehr-delkenheim.de\/wp-content\/uploads\/2016\/10\/IMG_5308.jpg\"><img loading=\"lazy\" decoding=\"async\" src=\"https:\/\/feuerwehr-delkenheim.de\/wp-content\/uploads\/2016\/10\/IMG_5308-150x150.jpg\" alt=\"Erneute Ausl\u00f6sung der Brandmeldeanlage\" width=\"150\" height=\"150\" class=\"alignright size-thumbnail wp-image-712\" \/><\/a>Wieder fuhren alle Fahrzeuge dort hin, wurden aber direkt von einer weit sichtbaren Rauchs\u00e4ule empfangen. Ein Trupp mit Atemschutz und Kleinl\u00f6schger\u00e4t begab sich zur Erkundung in die Halle und stelle einen Kabelschmorbrand fest. Die Anlage wurde au\u00dfer Betrieb gesetzt und die Halle bel\u00fcftet. Danach konnten alle Fahrzeuge einr\u00fccken und das Mittagessen genie\u00dfen.<\/p>\n<p><a href=\"https:\/\/feuerwehr-delkenheim.de\/wp-content\/uploads\/2016\/10\/IMG_5364.jpg\"><img loading=\"lazy\" decoding=\"async\" src=\"https:\/\/feuerwehr-delkenheim.de\/wp-content\/uploads\/2016\/10\/IMG_5364-150x150.jpg\" alt=\"Verkehrsunfall Auto gegen Baum\" width=\"150\" height=\"150\" class=\"alignright size-thumbnail wp-image-715\" \/><\/a>Lange Zeit blieb es still und es stand nur noch Bereitschaftszeit auf dem Plan, also konnte man sich ein wenig ausruhen. Doch gegen 13:30 Uhr kam es dann ganz Dick. Ein PKW ist gegen einen Baum gefahren, enthielt noch zwei teils eingeklemmte bewusstlose Personen und fing an zu brennen. Weil das erst &#8222;nur&#8220; als Verkehrsunfall gemeldet war und nur ein Fahrzeug geschickt wurde, forderte dieses direkt Verst\u00e4rkung an. Die Personen wurden per Crash-Rettung aus dem Fahrzeug gerettet und versorgt, weitere Kr\u00e4fte k\u00fcmmerten sich um das Absichern des Fahrzeugs und um die Brandbek\u00e4mpfung. Nach Abtransport der Verletzten und Abl\u00f6schen des Fahrzeugs konnte die Einsatzstelle an die &#8222;Polizei&#8220; \u00fcbergeben werden und die Feuerwehrkr\u00e4fte abr\u00fccken.<\/p>\n<p><a href=\"https:\/\/feuerwehr-delkenheim.de\/wp-content\/uploads\/2016\/10\/IMG_5427.jpg\"><img loading=\"lazy\" decoding=\"async\" src=\"https:\/\/feuerwehr-delkenheim.de\/wp-content\/uploads\/2016\/10\/IMG_5427-150x150.jpg\" alt=\"K\u00fcchenbrand\" width=\"150\" height=\"150\" class=\"alignright size-thumbnail wp-image-716\" \/><\/a>Gegen 14 Uhr gab es erneut einen Alarm. Diesmal kam es zu einem K\u00fcchenbrand, bei dem eine Person nach Verpuffung bei unsachgem\u00e4\u00dfem Hantieren mit einem Gaskocher bewusstlos wurde und die K\u00fcche anfing zu brennen. Ein Trupp unter Atemschutz konnte die Person retten und den Brand unter Kontrolle bringen.<\/p>\n<p>Zur St\u00e4rkung f\u00fcr die restliche Zeit gab es Kaffee\/Kakao und Kuchen im Ger\u00e4tehaus.<\/p>\n<p><a href=\"https:\/\/feuerwehr-delkenheim.de\/wp-content\/uploads\/2016\/10\/IMG_5459.jpg\"><img loading=\"lazy\" decoding=\"async\" src=\"https:\/\/feuerwehr-delkenheim.de\/wp-content\/uploads\/2016\/10\/IMG_5459-150x150.jpg\" alt=\"Wasser im Keller\" width=\"150\" height=\"150\" class=\"alignright size-thumbnail wp-image-718\" \/><\/a>Anschlie\u00dfend gab es ein Unwetter und ein Anwohner meldete Wasser im Keller. Nach Beurteilung der Lage konnte man mittels einer Elektro-Tauchpumpe der Situation Herr werden.<\/p>\n<p>Zur\u00fcck am Ger\u00e4tehaus war die einsetzende M\u00fcdigkeit deutlich sp\u00fcrbar. Das Dienstende r\u00fcckte ja auch merklich n\u00e4her. Doch es kam nach einiger Zeit ein erneuter Alarm: Eingeklemmte Person. An der Einsatzstelle angekommen stellte sich heraus, dass jemand beim Radwechsel an einem Traktor unter diesem eingeklemmt war, weil dessen Hebevorrichtung defekt war.<br \/>\n<a href=\"https:\/\/feuerwehr-delkenheim.de\/wp-content\/uploads\/2016\/10\/IMG_5472.jpg\"><img loading=\"lazy\" decoding=\"async\" src=\"https:\/\/feuerwehr-delkenheim.de\/wp-content\/uploads\/2016\/10\/IMG_5472-150x150.jpg\" alt=\"Eingeklemmte Person\" width=\"150\" height=\"150\" class=\"alignright size-thumbnail wp-image-719\" \/><\/a>Mit in der zugeh\u00f6rigen Scheune gefundenen Holzkl\u00f6tzen und einem LKW-Wagenheber konnte der Traktor gesichert und angehoben werden und die eingeklemmte Person befreit werden.<\/p>\n<p>Wieder am Ger\u00e4tehaus angekommen und in Anbetracht des nahenden Dienstendes wurden die Fahrzeuge noch gereinigt und nasse gegen trockene Schl\u00e4uche getauscht. Dann wurde das Dienstende erreicht und die gedachte Folgeschicht \u00fcbernahm den Dienst.<\/p>\n","protected":false},"excerpt":{"rendered":"<p>Am Freitag um 18 Uhr ging es los, wie zu einem regul\u00e4ren Jugendfeuerwehr \u00dcbungsdienst. Nur dass dieser erst am Samstag um 18 Uhr enden wird. Nach Einweisung in die zus\u00e4tzlichen \u00d6rtlichkeiten zum \u00dcbernachten und das zus\u00e4tzliche Fahrzeug, sowie die Einteilung &hellip; <a href=\"https:\/\/feuerwehr-delkenheim.de\/?p=694\">Weiterlesen <span class=\"meta-nav\">&rarr;<\/span><\/a><\/p>\n","protected":false},"author":1,"featured_media":0,"comment_status":"closed","ping_status":"closed","sticky":false,"template":"","format":"standard","meta":{"jetpack_post_was_ever_published":false,"_jetpack_newsletter_access":"","_jetpack_dont_email_post_to_subs":false,"_jetpack_newsletter_tier_id":0,"_jetpack_memberships_contains_paywalled_content":false,"_jetpack_memberships_contains_paid_content":false,"footnotes":""},"categories":[4],"tags":[64],"class_list":["post-694","post","type-post","status-publish","format-standard","hentry","category-jugendfeuerwehr","tag-24h-uebung"],"jetpack_featured_media_url":"","jetpack_sharing_enabled":true,"_links":{"self":[{"href":"https:\/\/feuerwehr-delkenheim.de\/index.php?rest_route=\/wp\/v2\/posts\/694","targetHints":{"allow":["GET"]}}],"collection":[{"href":"https:\/\/feuerwehr-delkenheim.de\/index.php?rest_route=\/wp\/v2\/posts"}],"about":[{"href":"https:\/\/feuerwehr-delkenheim.de\/index.php?rest_route=\/wp\/v2\/types\/post"}],"author":[{"embeddable":true,"href":"https:\/\/feuerwehr-delkenheim.de\/index.php?rest_route=\/wp\/v2\/users\/1"}],"replies":[{"embeddable":true,"href":"https:\/\/feuerwehr-delkenheim.de\/index.php?rest_route=%2Fwp%2Fv2%2Fcomments&post=694"}],"version-history":[{"count":14,"href":"https:\/\/feuerwehr-delkenheim.de\/index.php?rest_route=\/wp\/v2\/posts\/694\/revisions"}],"predecessor-version":[{"id":721,"href":"https:\/\/feuerwehr-delkenheim.de\/index.php?rest_route=\/wp\/v2\/posts\/694\/revisions\/721"}],"wp:attachment":[{"href":"https:\/\/feuerwehr-delkenheim.de\/index.php?rest_route=%2Fwp%2Fv2%2Fmedia&parent=694"}],"wp:term":[{"taxonomy":"category","embeddable":true,"href":"https:\/\/feuerwehr-delkenheim.de\/index.php?rest_route=%2Fwp%2Fv2%2Fcategories&post=694"},{"taxonomy":"post_tag","embeddable":true,"href":"https:\/\/feuerwehr-delkenheim.de\/index.php?rest_route=%2Fwp%2Fv2%2Ftags&post=694"}],"curies":[{"name":"wp","href":"https:\/\/api.w.org\/{rel}","templated":true}]}}