{"id":735,"date":"2016-11-05T21:07:08","date_gmt":"2016-11-05T20:07:08","guid":{"rendered":"http:\/\/feuerwehr-delkenheim.de\/?p=735"},"modified":"2016-11-30T21:13:17","modified_gmt":"2016-11-30T20:13:17","slug":"ausgeloeste-brandmeldeanlage","status":"publish","type":"post","link":"https:\/\/feuerwehr-delkenheim.de\/?p=735","title":{"rendered":"Ausgel\u00f6ste Brandmeldeanlage"},"content":{"rendered":"<p>In einem Geb\u00e4ude f\u00fcr betreutes Wohnen kam es zum Ausl\u00f6sen der Brandmeldeanlage durch Wasserdampf beim Kochen. Diese Brandmeldeanlage ist jedoch nicht mit der Feuerwehr verbunden, sondern mit einem privaten Sicherheitsdienst. Da dieser relativ lange brauche, mit dem passenden Schl\u00fcssel die Anlage zur\u00fcck zu stellen und das ohrenbet\u00e4ubende Alarmger\u00e4usch bettlegerische Mitbewohner sehr aufgeregt hat, rief man die Feuerwehr zur Hilfe. Doch diese konnte auch nicht viel mehr tun, als auf den passenden Schl\u00fcssel der Sicherheitsfirma zu warten, um die Brandmeldeanlage zur\u00fcck zu stellen.<\/p>\n","protected":false},"excerpt":{"rendered":"<p>In einem Geb\u00e4ude f\u00fcr betreutes Wohnen kam es zum Ausl\u00f6sen der Brandmeldeanlage durch Wasserdampf beim Kochen. Diese Brandmeldeanlage ist jedoch nicht mit der Feuerwehr verbunden, sondern mit einem privaten Sicherheitsdienst. Da dieser relativ lange brauche, mit dem passenden Schl\u00fcssel die &hellip; <a href=\"https:\/\/feuerwehr-delkenheim.de\/?p=735\">Weiterlesen <span class=\"meta-nav\">&rarr;<\/span><\/a><\/p>\n","protected":false},"author":1,"featured_media":0,"comment_status":"closed","ping_status":"closed","sticky":false,"template":"","format":"standard","meta":{"jetpack_post_was_ever_published":false,"_jetpack_newsletter_access":"","_jetpack_dont_email_post_to_subs":false,"_jetpack_newsletter_tier_id":0,"_jetpack_memberships_contains_paywalled_content":false,"_jetpack_memberships_contains_paid_content":false,"footnotes":""},"categories":[3],"tags":[50,70],"class_list":["post-735","post","type-post","status-publish","format-standard","hentry","category-einsatzabteilung","tag-einsatz","tag-fehlalarm"],"jetpack_featured_media_url":"","jetpack_sharing_enabled":true,"_links":{"self":[{"href":"https:\/\/feuerwehr-delkenheim.de\/index.php?rest_route=\/wp\/v2\/posts\/735","targetHints":{"allow":["GET"]}}],"collection":[{"href":"https:\/\/feuerwehr-delkenheim.de\/index.php?rest_route=\/wp\/v2\/posts"}],"about":[{"href":"https:\/\/feuerwehr-delkenheim.de\/index.php?rest_route=\/wp\/v2\/types\/post"}],"author":[{"embeddable":true,"href":"https:\/\/feuerwehr-delkenheim.de\/index.php?rest_route=\/wp\/v2\/users\/1"}],"replies":[{"embeddable":true,"href":"https:\/\/feuerwehr-delkenheim.de\/index.php?rest_route=%2Fwp%2Fv2%2Fcomments&post=735"}],"version-history":[{"count":1,"href":"https:\/\/feuerwehr-delkenheim.de\/index.php?rest_route=\/wp\/v2\/posts\/735\/revisions"}],"predecessor-version":[{"id":736,"href":"https:\/\/feuerwehr-delkenheim.de\/index.php?rest_route=\/wp\/v2\/posts\/735\/revisions\/736"}],"wp:attachment":[{"href":"https:\/\/feuerwehr-delkenheim.de\/index.php?rest_route=%2Fwp%2Fv2%2Fmedia&parent=735"}],"wp:term":[{"taxonomy":"category","embeddable":true,"href":"https:\/\/feuerwehr-delkenheim.de\/index.php?rest_route=%2Fwp%2Fv2%2Fcategories&post=735"},{"taxonomy":"post_tag","embeddable":true,"href":"https:\/\/feuerwehr-delkenheim.de\/index.php?rest_route=%2Fwp%2Fv2%2Ftags&post=735"}],"curies":[{"name":"wp","href":"https:\/\/api.w.org\/{rel}","templated":true}]}}