{"id":737,"date":"2016-11-25T21:14:07","date_gmt":"2016-11-25T20:14:07","guid":{"rendered":"http:\/\/feuerwehr-delkenheim.de\/?p=737"},"modified":"2016-11-30T21:18:21","modified_gmt":"2016-11-30T20:18:21","slug":"brennende-waschmaschin","status":"publish","type":"post","link":"https:\/\/feuerwehr-delkenheim.de\/?p=737","title":{"rendered":"Brennende Waschmaschine"},"content":{"rendered":"<p>In einer Wohnung im 2. Obergescho\u00df eines Mehrfamilienhauses in Nordenstadt kam es gegen 13 Uhr zu einem Brand einer Waschmaschine. Um die Tagesalarmst\u00e4rke zu verbessern, werden wir tags\u00fcber zusammen mit der Feuerwehr Nordenstadt alarmiert. Da die Waschmaschine relativ schnell unter Atemschutz und mit einem Kohlendioxidfeuerl\u00f6scher gel\u00f6scht werden konnte, waren neben gutem Bel\u00fcften kein weiteren Arbeiten n\u00f6tig, so dass wir nach kurzer Zeit schon wieder einr\u00fccken konnten.<\/p>\n","protected":false},"excerpt":{"rendered":"<p>In einer Wohnung im 2. Obergescho\u00df eines Mehrfamilienhauses in Nordenstadt kam es gegen 13 Uhr zu einem Brand einer Waschmaschine. Um die Tagesalarmst\u00e4rke zu verbessern, werden wir tags\u00fcber zusammen mit der Feuerwehr Nordenstadt alarmiert. Da die Waschmaschine relativ schnell unter &hellip; <a href=\"https:\/\/feuerwehr-delkenheim.de\/?p=737\">Weiterlesen <span class=\"meta-nav\">&rarr;<\/span><\/a><\/p>\n","protected":false},"author":1,"featured_media":0,"comment_status":"closed","ping_status":"closed","sticky":false,"template":"","format":"standard","meta":{"jetpack_post_was_ever_published":false,"_jetpack_newsletter_access":"","_jetpack_dont_email_post_to_subs":false,"_jetpack_newsletter_tier_id":0,"_jetpack_memberships_contains_paywalled_content":false,"_jetpack_memberships_contains_paid_content":false,"footnotes":""},"categories":[3],"tags":[42,50],"class_list":["post-737","post","type-post","status-publish","format-standard","hentry","category-einsatzabteilung","tag-brand","tag-einsatz"],"jetpack_featured_media_url":"","jetpack_sharing_enabled":true,"_links":{"self":[{"href":"https:\/\/feuerwehr-delkenheim.de\/index.php?rest_route=\/wp\/v2\/posts\/737","targetHints":{"allow":["GET"]}}],"collection":[{"href":"https:\/\/feuerwehr-delkenheim.de\/index.php?rest_route=\/wp\/v2\/posts"}],"about":[{"href":"https:\/\/feuerwehr-delkenheim.de\/index.php?rest_route=\/wp\/v2\/types\/post"}],"author":[{"embeddable":true,"href":"https:\/\/feuerwehr-delkenheim.de\/index.php?rest_route=\/wp\/v2\/users\/1"}],"replies":[{"embeddable":true,"href":"https:\/\/feuerwehr-delkenheim.de\/index.php?rest_route=%2Fwp%2Fv2%2Fcomments&post=737"}],"version-history":[{"count":3,"href":"https:\/\/feuerwehr-delkenheim.de\/index.php?rest_route=\/wp\/v2\/posts\/737\/revisions"}],"predecessor-version":[{"id":740,"href":"https:\/\/feuerwehr-delkenheim.de\/index.php?rest_route=\/wp\/v2\/posts\/737\/revisions\/740"}],"wp:attachment":[{"href":"https:\/\/feuerwehr-delkenheim.de\/index.php?rest_route=%2Fwp%2Fv2%2Fmedia&parent=737"}],"wp:term":[{"taxonomy":"category","embeddable":true,"href":"https:\/\/feuerwehr-delkenheim.de\/index.php?rest_route=%2Fwp%2Fv2%2Fcategories&post=737"},{"taxonomy":"post_tag","embeddable":true,"href":"https:\/\/feuerwehr-delkenheim.de\/index.php?rest_route=%2Fwp%2Fv2%2Ftags&post=737"}],"curies":[{"name":"wp","href":"https:\/\/api.w.org\/{rel}","templated":true}]}}