{"id":744,"date":"2016-11-27T21:26:05","date_gmt":"2016-11-27T20:26:05","guid":{"rendered":"http:\/\/feuerwehr-delkenheim.de\/?p=744"},"modified":"2016-11-30T21:28:39","modified_gmt":"2016-11-30T20:28:39","slug":"brennendes-gestruepp","status":"publish","type":"post","link":"https:\/\/feuerwehr-delkenheim.de\/?p=744","title":{"rendered":"Brennendes Gestr\u00fcpp"},"content":{"rendered":"<p>Am Nachmittag brannt trockenes Laub im Gestr\u00fcpp hinter Garagen in der D\u00fcsseldorfer Stra\u00dfe. Anwohner riefen die Feuerwehr und unternahmen erfolgreich einen eigenen L\u00f6schversuch. Wir gaben noch einmal Wasser hinterher, um sicher zu gehen, dass alle Glutnester gel\u00f6scht sind. Die Polizei ermittelt die Ursache.<\/p>\n","protected":false},"excerpt":{"rendered":"<p>Am Nachmittag brannt trockenes Laub im Gestr\u00fcpp hinter Garagen in der D\u00fcsseldorfer Stra\u00dfe. Anwohner riefen die Feuerwehr und unternahmen erfolgreich einen eigenen L\u00f6schversuch. Wir gaben noch einmal Wasser hinterher, um sicher zu gehen, dass alle Glutnester gel\u00f6scht sind. Die Polizei &hellip; <a href=\"https:\/\/feuerwehr-delkenheim.de\/?p=744\">Weiterlesen <span class=\"meta-nav\">&rarr;<\/span><\/a><\/p>\n","protected":false},"author":1,"featured_media":0,"comment_status":"closed","ping_status":"closed","sticky":false,"template":"","format":"standard","meta":{"jetpack_post_was_ever_published":false,"_jetpack_newsletter_access":"","_jetpack_dont_email_post_to_subs":false,"_jetpack_newsletter_tier_id":0,"_jetpack_memberships_contains_paywalled_content":false,"_jetpack_memberships_contains_paid_content":false,"footnotes":""},"categories":[3],"tags":[42,50],"class_list":["post-744","post","type-post","status-publish","format-standard","hentry","category-einsatzabteilung","tag-brand","tag-einsatz"],"jetpack_featured_media_url":"","jetpack_sharing_enabled":true,"_links":{"self":[{"href":"https:\/\/feuerwehr-delkenheim.de\/index.php?rest_route=\/wp\/v2\/posts\/744","targetHints":{"allow":["GET"]}}],"collection":[{"href":"https:\/\/feuerwehr-delkenheim.de\/index.php?rest_route=\/wp\/v2\/posts"}],"about":[{"href":"https:\/\/feuerwehr-delkenheim.de\/index.php?rest_route=\/wp\/v2\/types\/post"}],"author":[{"embeddable":true,"href":"https:\/\/feuerwehr-delkenheim.de\/index.php?rest_route=\/wp\/v2\/users\/1"}],"replies":[{"embeddable":true,"href":"https:\/\/feuerwehr-delkenheim.de\/index.php?rest_route=%2Fwp%2Fv2%2Fcomments&post=744"}],"version-history":[{"count":1,"href":"https:\/\/feuerwehr-delkenheim.de\/index.php?rest_route=\/wp\/v2\/posts\/744\/revisions"}],"predecessor-version":[{"id":745,"href":"https:\/\/feuerwehr-delkenheim.de\/index.php?rest_route=\/wp\/v2\/posts\/744\/revisions\/745"}],"wp:attachment":[{"href":"https:\/\/feuerwehr-delkenheim.de\/index.php?rest_route=%2Fwp%2Fv2%2Fmedia&parent=744"}],"wp:term":[{"taxonomy":"category","embeddable":true,"href":"https:\/\/feuerwehr-delkenheim.de\/index.php?rest_route=%2Fwp%2Fv2%2Fcategories&post=744"},{"taxonomy":"post_tag","embeddable":true,"href":"https:\/\/feuerwehr-delkenheim.de\/index.php?rest_route=%2Fwp%2Fv2%2Ftags&post=744"}],"curies":[{"name":"wp","href":"https:\/\/api.w.org\/{rel}","templated":true}]}}