{"id":909,"date":"2017-08-02T19:03:40","date_gmt":"2017-08-02T18:03:40","guid":{"rendered":"http:\/\/feuerwehr-delkenheim.de\/?p=909"},"modified":"2018-04-05T19:17:49","modified_gmt":"2018-04-05T18:17:49","slug":"unwettereinsaetze","status":"publish","type":"post","link":"https:\/\/feuerwehr-delkenheim.de\/?p=909","title":{"rendered":"Unwettereins\u00e4tze"},"content":{"rendered":"<p>Am 01.08.2017, in den fr\u00fchen Morgenstunden,\u00a0wurden alle Freiwilligen Feuerwehren von Wiesbaden zu Unwettereins\u00e4tzen alarmiert. Wir r\u00fcckten um 03.45 Uhr nach Wiesbaden aus, um umgest\u00fcrzte B\u00e4ume zu beseitigen.<\/p>\n<p>Nach verschiedenen Einsatzstellen im Stadtgebiet mit einzelnen B\u00e4umen, waren anschlie\u00dfend auf der Bundesstra\u00dfe 417 &#8222;Platte&#8220; \u00fcber mehrere Stunden im Einsatz. Gemeinsam mit vielen Kameraden von anderen Wehren r\u00e4umten wir \u00fcber mehre\u00a0Stunden die Stra\u00dfe frei.<\/p>\n\n\t\t<style type=\"text\/css\">\n\t\t\t#gallery-1 {\n\t\t\t\tmargin: auto;\n\t\t\t}\n\t\t\t#gallery-1 .gallery-item {\n\t\t\t\tfloat: left;\n\t\t\t\tmargin-top: 10px;\n\t\t\t\ttext-align: center;\n\t\t\t\twidth: 16%;\n\t\t\t}\n\t\t\t#gallery-1 img {\n\t\t\t\tborder: 2px solid #cfcfcf;\n\t\t\t}\n\t\t\t#gallery-1 .gallery-caption {\n\t\t\t\tmargin-left: 0;\n\t\t\t}\n\t\t\t\/* see gallery_shortcode() in wp-includes\/media.php *\/\n\t\t<\/style>\n\t\t<div id='gallery-1' class='gallery galleryid-909 gallery-columns-6 gallery-size-thumbnail'><dl class='gallery-item'>\n\t\t\t<dt class='gallery-icon portrait'>\n\t\t\t\t<a href='https:\/\/feuerwehr-delkenheim.de\/wp-content\/uploads\/2017\/08\/20170801_050337-e1501696291861.jpg'><img loading=\"lazy\" decoding=\"async\" width=\"150\" height=\"150\" src=\"https:\/\/feuerwehr-delkenheim.de\/wp-content\/uploads\/2017\/08\/20170801_050337-e1501696291861-150x150.jpg\" class=\"attachment-thumbnail size-thumbnail\" alt=\"\" \/><\/a>\n\t\t\t<\/dt><\/dl><dl class='gallery-item'>\n\t\t\t<dt class='gallery-icon landscape'>\n\t\t\t\t<a href='https:\/\/feuerwehr-delkenheim.de\/wp-content\/uploads\/2017\/08\/20170801_053018.jpg'><img loading=\"lazy\" decoding=\"async\" width=\"150\" height=\"150\" src=\"https:\/\/feuerwehr-delkenheim.de\/wp-content\/uploads\/2017\/08\/20170801_053018-150x150.jpg\" class=\"attachment-thumbnail size-thumbnail\" alt=\"\" \/><\/a>\n\t\t\t<\/dt><\/dl><dl class='gallery-item'>\n\t\t\t<dt class='gallery-icon portrait'>\n\t\t\t\t<a href='https:\/\/feuerwehr-delkenheim.de\/wp-content\/uploads\/2017\/08\/20170801_053527-e1501696196633.jpg'><img loading=\"lazy\" decoding=\"async\" width=\"150\" height=\"150\" src=\"https:\/\/feuerwehr-delkenheim.de\/wp-content\/uploads\/2017\/08\/20170801_053527-e1501696196633-150x150.jpg\" class=\"attachment-thumbnail size-thumbnail\" alt=\"\" \/><\/a>\n\t\t\t<\/dt><\/dl><dl class='gallery-item'>\n\t\t\t<dt class='gallery-icon portrait'>\n\t\t\t\t<a href='https:\/\/feuerwehr-delkenheim.de\/wp-content\/uploads\/2017\/08\/20170801_064738-e1501696141297.jpg'><img loading=\"lazy\" decoding=\"async\" width=\"150\" height=\"150\" src=\"https:\/\/feuerwehr-delkenheim.de\/wp-content\/uploads\/2017\/08\/20170801_064738-e1501696141297-150x150.jpg\" class=\"attachment-thumbnail size-thumbnail\" alt=\"\" \/><\/a>\n\t\t\t<\/dt><\/dl><dl class='gallery-item'>\n\t\t\t<dt class='gallery-icon portrait'>\n\t\t\t\t<a href='https:\/\/feuerwehr-delkenheim.de\/wp-content\/uploads\/2017\/08\/20170801_065810-e1501696105753.jpg'><img loading=\"lazy\" decoding=\"async\" width=\"150\" height=\"150\" src=\"https:\/\/feuerwehr-delkenheim.de\/wp-content\/uploads\/2017\/08\/20170801_065810-e1501696105753-150x150.jpg\" class=\"attachment-thumbnail size-thumbnail\" alt=\"\" \/><\/a>\n\t\t\t<\/dt><\/dl><dl class='gallery-item'>\n\t\t\t<dt class='gallery-icon landscape'>\n\t\t\t\t<a href='https:\/\/feuerwehr-delkenheim.de\/wp-content\/uploads\/2017\/08\/20170801_071117.jpg'><img loading=\"lazy\" decoding=\"async\" width=\"150\" height=\"150\" src=\"https:\/\/feuerwehr-delkenheim.de\/wp-content\/uploads\/2017\/08\/20170801_071117-150x150.jpg\" class=\"attachment-thumbnail size-thumbnail\" alt=\"\" \/><\/a>\n\t\t\t<\/dt><\/dl><br style=\"clear: both\" \/><dl class='gallery-item'>\n\t\t\t<dt class='gallery-icon landscape'>\n\t\t\t\t<a href='https:\/\/feuerwehr-delkenheim.de\/wp-content\/uploads\/2017\/08\/20170801_064743.jpg'><img loading=\"lazy\" decoding=\"async\" width=\"150\" height=\"150\" src=\"https:\/\/feuerwehr-delkenheim.de\/wp-content\/uploads\/2017\/08\/20170801_064743-150x150.jpg\" class=\"attachment-thumbnail size-thumbnail\" alt=\"\" \/><\/a>\n\t\t\t<\/dt><\/dl><dl class='gallery-item'>\n\t\t\t<dt class='gallery-icon portrait'>\n\t\t\t\t<a href='https:\/\/feuerwehr-delkenheim.de\/wp-content\/uploads\/2017\/08\/20170801_050423-e1501696056965.jpg'><img loading=\"lazy\" decoding=\"async\" width=\"150\" height=\"150\" src=\"https:\/\/feuerwehr-delkenheim.de\/wp-content\/uploads\/2017\/08\/20170801_050423-e1501696056965-150x150.jpg\" class=\"attachment-thumbnail size-thumbnail\" alt=\"\" \/><\/a>\n\t\t\t<\/dt><\/dl><dl class='gallery-item'>\n\t\t\t<dt class='gallery-icon landscape'>\n\t\t\t\t<a href='https:\/\/feuerwehr-delkenheim.de\/wp-content\/uploads\/2017\/08\/20170801_053720.jpg'><img loading=\"lazy\" decoding=\"async\" width=\"150\" height=\"150\" src=\"https:\/\/feuerwehr-delkenheim.de\/wp-content\/uploads\/2017\/08\/20170801_053720-150x150.jpg\" class=\"attachment-thumbnail size-thumbnail\" alt=\"\" \/><\/a>\n\t\t\t<\/dt><\/dl><dl class='gallery-item'>\n\t\t\t<dt class='gallery-icon portrait'>\n\t\t\t\t<a href='https:\/\/feuerwehr-delkenheim.de\/wp-content\/uploads\/2017\/08\/20170801_065804-e1501696009845.jpg'><img loading=\"lazy\" decoding=\"async\" width=\"150\" height=\"150\" src=\"https:\/\/feuerwehr-delkenheim.de\/wp-content\/uploads\/2017\/08\/20170801_065804-e1501696009845-150x150.jpg\" class=\"attachment-thumbnail size-thumbnail\" alt=\"\" \/><\/a>\n\t\t\t<\/dt><\/dl><dl class='gallery-item'>\n\t\t\t<dt class='gallery-icon portrait'>\n\t\t\t\t<a href='https:\/\/feuerwehr-delkenheim.de\/wp-content\/uploads\/2017\/08\/20170801_050441-e1501695988732.jpg'><img loading=\"lazy\" decoding=\"async\" width=\"150\" height=\"150\" src=\"https:\/\/feuerwehr-delkenheim.de\/wp-content\/uploads\/2017\/08\/20170801_050441-e1501695988732-150x150.jpg\" class=\"attachment-thumbnail size-thumbnail\" alt=\"\" \/><\/a>\n\t\t\t<\/dt><\/dl><dl class='gallery-item'>\n\t\t\t<dt class='gallery-icon portrait'>\n\t\t\t\t<a href='https:\/\/feuerwehr-delkenheim.de\/wp-content\/uploads\/2017\/08\/20170801_063337-e1501695956121.jpg'><img loading=\"lazy\" decoding=\"async\" width=\"150\" height=\"150\" src=\"https:\/\/feuerwehr-delkenheim.de\/wp-content\/uploads\/2017\/08\/20170801_063337-e1501695956121-150x150.jpg\" class=\"attachment-thumbnail size-thumbnail\" alt=\"\" \/><\/a>\n\t\t\t<\/dt><\/dl><br style=\"clear: both\" \/>\n\t\t<\/div>\n\n<p>weitere Info&#8217;s und Bilder unter: <a href=\"https:\/\/www.wiesbaden.de\/microsite\/feuerwehr\/einsaetze\/index.php?showpm=true&amp;pmurl=http:\/\/www.wiesbaden.de\/guiapplications\/newsdesk\/publications\/Landeshauptstadt_Wiesbaden\/141010100000300130.php\"><em>feuerwehr-wiesbaden.de<\/em><\/a><\/p>\n","protected":false},"excerpt":{"rendered":"<p>Am 01.08.2017, in den fr\u00fchen Morgenstunden,\u00a0wurden alle Freiwilligen Feuerwehren von Wiesbaden zu Unwettereins\u00e4tzen alarmiert. Wir r\u00fcckten um 03.45 Uhr nach Wiesbaden aus, um umgest\u00fcrzte B\u00e4ume zu beseitigen. Nach verschiedenen Einsatzstellen im Stadtgebiet mit einzelnen B\u00e4umen, waren anschlie\u00dfend auf der Bundesstra\u00dfe &hellip; <a href=\"https:\/\/feuerwehr-delkenheim.de\/?p=909\">Weiterlesen <span class=\"meta-nav\">&rarr;<\/span><\/a><\/p>\n","protected":false},"author":5,"featured_media":0,"comment_status":"closed","ping_status":"closed","sticky":false,"template":"","format":"standard","meta":{"jetpack_post_was_ever_published":false,"_jetpack_newsletter_access":"","_jetpack_dont_email_post_to_subs":false,"_jetpack_newsletter_tier_id":0,"_jetpack_memberships_contains_paywalled_content":false,"_jetpack_memberships_contains_paid_content":false,"footnotes":""},"categories":[3],"tags":[],"class_list":["post-909","post","type-post","status-publish","format-standard","hentry","category-einsatzabteilung"],"jetpack_featured_media_url":"","jetpack_sharing_enabled":true,"_links":{"self":[{"href":"https:\/\/feuerwehr-delkenheim.de\/index.php?rest_route=\/wp\/v2\/posts\/909","targetHints":{"allow":["GET"]}}],"collection":[{"href":"https:\/\/feuerwehr-delkenheim.de\/index.php?rest_route=\/wp\/v2\/posts"}],"about":[{"href":"https:\/\/feuerwehr-delkenheim.de\/index.php?rest_route=\/wp\/v2\/types\/post"}],"author":[{"embeddable":true,"href":"https:\/\/feuerwehr-delkenheim.de\/index.php?rest_route=\/wp\/v2\/users\/5"}],"replies":[{"embeddable":true,"href":"https:\/\/feuerwehr-delkenheim.de\/index.php?rest_route=%2Fwp%2Fv2%2Fcomments&post=909"}],"version-history":[{"count":3,"href":"https:\/\/feuerwehr-delkenheim.de\/index.php?rest_route=\/wp\/v2\/posts\/909\/revisions"}],"predecessor-version":[{"id":954,"href":"https:\/\/feuerwehr-delkenheim.de\/index.php?rest_route=\/wp\/v2\/posts\/909\/revisions\/954"}],"wp:attachment":[{"href":"https:\/\/feuerwehr-delkenheim.de\/index.php?rest_route=%2Fwp%2Fv2%2Fmedia&parent=909"}],"wp:term":[{"taxonomy":"category","embeddable":true,"href":"https:\/\/feuerwehr-delkenheim.de\/index.php?rest_route=%2Fwp%2Fv2%2Fcategories&post=909"},{"taxonomy":"post_tag","embeddable":true,"href":"https:\/\/feuerwehr-delkenheim.de\/index.php?rest_route=%2Fwp%2Fv2%2Ftags&post=909"}],"curies":[{"name":"wp","href":"https:\/\/api.w.org\/{rel}","templated":true}]}}