{"id":933,"date":"2018-01-07T20:45:47","date_gmt":"2018-01-07T19:45:47","guid":{"rendered":"http:\/\/feuerwehr-delkenheim.de\/?p=933"},"modified":"2018-01-13T16:25:57","modified_gmt":"2018-01-13T15:25:57","slug":"tannenbaumsammlung-2","status":"publish","type":"post","link":"https:\/\/feuerwehr-delkenheim.de\/?p=933","title":{"rendered":"Tannenbaumsammlung"},"content":{"rendered":"<p><a href=\"https:\/\/feuerwehr-delkenheim.de\/wp-content\/uploads\/2018\/01\/TBS_Delkenheim_2018.jpg\"><img loading=\"lazy\" decoding=\"async\" class=\"alignright wp-image-932 size-medium\" src=\"https:\/\/feuerwehr-delkenheim.de\/wp-content\/uploads\/2018\/01\/TBS_Delkenheim_2018-300x225.jpg\" alt=\"\" width=\"300\" height=\"225\" srcset=\"https:\/\/feuerwehr-delkenheim.de\/wp-content\/uploads\/2018\/01\/TBS_Delkenheim_2018-300x225.jpg 300w, https:\/\/feuerwehr-delkenheim.de\/wp-content\/uploads\/2018\/01\/TBS_Delkenheim_2018-768x576.jpg 768w, https:\/\/feuerwehr-delkenheim.de\/wp-content\/uploads\/2018\/01\/TBS_Delkenheim_2018-1024x768.jpg 1024w, https:\/\/feuerwehr-delkenheim.de\/wp-content\/uploads\/2018\/01\/TBS_Delkenheim_2018-400x300.jpg 400w\" sizes=\"auto, (max-width: 300px) 100vw, 300px\" \/><\/a>Das Jahr 2018 hat begonnen und traditionell sammelten wir am ersten Samstag im Januar die Tannenb\u00e4ume ein. Obwohl das Wetter die vergangenen Tage nichts Gutes bef\u00fcrchten lies &#8211; gab es doch bereits einen heftigen Sturm und tagelangen Dauerregen &#8211; so hatten wir unheimliches Gl\u00fcck, denn den gesamten Vormittag \u00fcber blieb es trocken. So konnten wir wie gewohnt in zwei Teams, eines f\u00fcr den alten Ortskern und eines f\u00fcr die neuere &#8222;Siedlung&#8220;, jeweils ausgestattet mit Traktor und Rolle, bereitgestellt von Ortslandwirt Markus B\u00fccher und gefahren von Kevin Mulke der <a href=\"https:\/\/www.mulke-topfkraeuter.de\/\">G\u00e4rtnerei Taunusblick<\/a>, mit dem Sammeln loslegen. Nach etwa der H\u00e4lfte jeder Tour legte man eine kleine St\u00e4rkungspause ein. Kaffee, Tee und S\u00e4fte, sowie Pl\u00e4tzchen und Kuchen in Garagen der Eltern unserer Jugendlichen. Vielen herzlichen Dank daf\u00fcr.<\/p>\n<p>Nach nur drei Stunden B\u00e4ume sammeln und sie hinter das B\u00fcrgerhaus verbringen, wo in diesem Jahr die <a href=\"https:\/\/www.elw.de\/\">Entsorgungsbetriebe<\/a> direkt mit einer Shredder-Maschine die B\u00e4ume klein hechselte, trafen wir uns im Feuerwehrger\u00e4tehaus zu Fleischwurst und Br\u00f6tchen. Vielen Dank auch an die <a href=\"http:\/\/www.metzgerei-brauer.de\/\">Metzgerei Brauer<\/a> und die <a href=\"http:\/\/www.baeckerei-preis.de\/\">B\u00e4ckerei Preis<\/a> f\u00fcr ihre Unterst\u00fctzung.<\/p>\n<p>Ein gro\u00dfer Dank gilt auch den Delkenheimer B\u00fcrgerinnen und B\u00fcrgern f\u00fcr ihre Spenden an die Jugendfeuerwehr, mit denen die Jugendarbeit im laufenden Jahr und insbesondere auch die Aktivit\u00e4ten in unserem Zeltlager im Sommer finanziert werden!<\/p>\n","protected":false},"excerpt":{"rendered":"<p>Das Jahr 2018 hat begonnen und traditionell sammelten wir am ersten Samstag im Januar die Tannenb\u00e4ume ein. Obwohl das Wetter die vergangenen Tage nichts Gutes bef\u00fcrchten lies &#8211; gab es doch bereits einen heftigen Sturm und tagelangen Dauerregen &#8211; so &hellip; <a href=\"https:\/\/feuerwehr-delkenheim.de\/?p=933\">Weiterlesen <span class=\"meta-nav\">&rarr;<\/span><\/a><\/p>\n","protected":false},"author":1,"featured_media":0,"comment_status":"closed","ping_status":"closed","sticky":false,"template":"","format":"standard","meta":{"jetpack_post_was_ever_published":false,"_jetpack_newsletter_access":"","_jetpack_dont_email_post_to_subs":false,"_jetpack_newsletter_tier_id":0,"_jetpack_memberships_contains_paywalled_content":false,"_jetpack_memberships_contains_paid_content":false,"footnotes":""},"categories":[3,4,5],"tags":[7],"class_list":["post-933","post","type-post","status-publish","format-standard","hentry","category-einsatzabteilung","category-jugendfeuerwehr","category-verein","tag-tannenbaumsammlung"],"jetpack_featured_media_url":"","jetpack_sharing_enabled":true,"_links":{"self":[{"href":"https:\/\/feuerwehr-delkenheim.de\/index.php?rest_route=\/wp\/v2\/posts\/933","targetHints":{"allow":["GET"]}}],"collection":[{"href":"https:\/\/feuerwehr-delkenheim.de\/index.php?rest_route=\/wp\/v2\/posts"}],"about":[{"href":"https:\/\/feuerwehr-delkenheim.de\/index.php?rest_route=\/wp\/v2\/types\/post"}],"author":[{"embeddable":true,"href":"https:\/\/feuerwehr-delkenheim.de\/index.php?rest_route=\/wp\/v2\/users\/1"}],"replies":[{"embeddable":true,"href":"https:\/\/feuerwehr-delkenheim.de\/index.php?rest_route=%2Fwp%2Fv2%2Fcomments&post=933"}],"version-history":[{"count":2,"href":"https:\/\/feuerwehr-delkenheim.de\/index.php?rest_route=\/wp\/v2\/posts\/933\/revisions"}],"predecessor-version":[{"id":935,"href":"https:\/\/feuerwehr-delkenheim.de\/index.php?rest_route=\/wp\/v2\/posts\/933\/revisions\/935"}],"wp:attachment":[{"href":"https:\/\/feuerwehr-delkenheim.de\/index.php?rest_route=%2Fwp%2Fv2%2Fmedia&parent=933"}],"wp:term":[{"taxonomy":"category","embeddable":true,"href":"https:\/\/feuerwehr-delkenheim.de\/index.php?rest_route=%2Fwp%2Fv2%2Fcategories&post=933"},{"taxonomy":"post_tag","embeddable":true,"href":"https:\/\/feuerwehr-delkenheim.de\/index.php?rest_route=%2Fwp%2Fv2%2Ftags&post=933"}],"curies":[{"name":"wp","href":"https:\/\/api.w.org\/{rel}","templated":true}]}}